{"id":113335,"date":"2026-02-21T19:53:08","date_gmt":"2026-02-21T19:53:08","guid":{"rendered":"https:\/\/www.europesays.com\/ee\/113335\/"},"modified":"2026-02-21T19:53:08","modified_gmt":"2026-02-21T19:53:08","slug":"kane-aitas-vastaste-varavakutil-tabamusega-naasta-aga-loi-ise-kaks-soccernet-ee","status":"publish","type":"post","link":"https:\/\/www.europesays.com\/ee\/113335\/","title":{"rendered":"Kane aitas vastaste v\u00e4ravak\u00fctil tabamusega naasta, aga l\u00f5i ise kaks &#8211; Soccernet.ee"},"content":{"rendered":"<p><img decoding=\"async\" src=\"https:\/\/www.europesays.com\/ee\/wp-content\/uploads\/2026\/02\/1771693860.jpg\" alt=\"Harry Kane oma 3:0 juhtv\u00e4ravat t\u00e4histamas. Foto: Scanpix \/ Ronald Wittek \/ EPA\"\/>&#13;\n<\/p>\n<p>Saksamaa Bundesliga liider M\u00fcncheni Bayern lasi Frankfurdi Eintrachti vastu 3:0 eduseisul minimaalseks libiseda, kuid sai v\u00f5idu k\u00e4tte. Harry Kane sai hakkama kahe v\u00e4rava ja \u00fche penaltiveaga.<\/p>\n<p>Avapoolajal skooris Bayern nurgal\u00f6\u00f6gi olukordades neljaminutilise vahega kaks korda. Esmalt sooritas\u00a0Aleksandar Pavlovic karistusala tagant \u00f5hust hea l\u00f6\u00f6gi alla nurka. Seej\u00e4rel suunas Kane peaga v\u00e4ravasse\u00a0Josip Stani\u0161ici pikenduse.&#13;\n<\/p>\n<p>Teise poolaja keskel sai Kane t\u00e4nu\u00a0Joshua Kimmichi vaheltl\u00f5ikele palli ja saatis selle 20 meetrilt vasaku jalaga alla nurka. Inglismaa r\u00fcndaja kasvatas oma m\u00e4ek\u00f5rgust edumaad Bundesliga v\u00e4ravak\u00fcttide edetabeli tipus ning edestab n\u00fc\u00fcd tiimikaaslast\u00a0Luis Diazt 15 tabamusega.&#13;\n<\/p>\n<p>Eintrachti hooaja parim v\u00e4ravak\u00fctt\u00a0Jonathan Burkardt l\u00f5petas vigastusest ja haigusest tingitud pausi ning naasis v\u00f5istlusv\u00e4ljakule esmakordselt p\u00e4rast novembrikuud. Ta sekkus teisel poolajal vahetusest ning skooris penaltist, mille p\u00f5hjustas Kane, kes tabas klaarimiskatsel\u00a0Oscar H\u00f6jlundi jalga.<\/p>\n<p>86. minutil v\u00e4hendas teine Eintrachti vahetusmees, pisikese \u00f5latrauma seljataha j\u00e4tnud\u00a0Arnaud Kalimuendo vahe minimaalseks. Bayern tegutses hooletult, kui Kimmich andis s\u00f6\u00f6du oma v\u00e4rava eest l\u00e4bi ja Min-Jae Kim ei l\u00e4inud sellele vastu ning Kalimuendo karistas selle \u00e4ra.&#13;\n<\/p>\n<p>M\u00fcncheni meeskonna 3:2 v\u00f5it oli \u00fchtlasi 22-aastase r\u00fcndava poolkaitsja Jamal Musiala sajas Bundesliga v\u00f5it. Musialast sai liiga ajaloo noorim m\u00e4ngija, kes selle t\u00e4hiseni j\u00f5udnud.&#13;\n<\/p>\n<blockquote class=\"twitter-tweet\"><p>&#13;<\/p>\n<p lang=\"en\" dir=\"ltr\">100 &#8211; Jamal Musiala celebrated his 100th Bundesliga victory at the age of 22 years and 360 days, making him the youngest player in Bundesliga history to reach this milestone. Bambi. <a href=\"https:\/\/twitter.com\/hashtag\/FCBSGE?src=hash&amp;ref_src=twsrc%5Etfw\" rel=\"nofollow noopener\" target=\"_blank\">#FCBSGE<\/a> <a href=\"https:\/\/t.co\/JdBMwoR8pZ\" rel=\"nofollow\">pic.twitter.com\/JdBMwoR8pZ<\/a>&#13;<br \/>\n\u2014 OptaFranz (@OptaFranz) <a href=\"https:\/\/twitter.com\/OptaFranz\/status\/2025247207742423354?ref_src=twsrc%5Etfw\" rel=\"nofollow noopener\" target=\"_blank\">February 21, 2026<\/a><\/p>\n<\/blockquote>\n<p>Bayern edestab n\u00fc\u00fcd l\u00e4himat j\u00e4litajat Dortmundi Borussiat \u00fcheksa punktiga, aga Dortmund hakkab veel t\u00e4na kell 19.30 m\u00e4ngima RB Leipzigiga.&#13;\n<\/p>\n<p>Kolmandat kohta hoidev Hoffenheim ei saanud K\u00f6lni vastu enamat 2:2 viigist. K\u00f6lni poolelt skooris\u00a0Ragnar Ache ilusa k\u00e4\u00e4rl\u00f6\u00f6giga.&#13;\n<\/p>\n<p>          <script async src=\"https:\/\/platform.twitter.com\/widgets.js\" charset=\"utf-8\"><\/script><\/p>\n","protected":false},"excerpt":{"rendered":"&#13; Saksamaa Bundesliga liider M\u00fcncheni Bayern lasi Frankfurdi Eintrachti vastu 3:0 eduseisul minimaalseks libiseda, kuid sai v\u00f5idu k\u00e4tte.&hellip;\n","protected":false},"author":2,"featured_media":113273,"comment_status":"","ping_status":"","sticky":false,"template":"","format":"standard","meta":{"footnotes":"","_share_on_mastodon":"0"},"categories":[18],"tags":[53480,53481,43150,525,527,18028,37,33,35,1706,34,36,13766,530,533,53482,53483,53484,53485,535,18043,1159,538,18049,53486,18051,53487,1259,159,158],"class_list":["post-113335","post","type-post","status-publish","format-standard","has-post-thumbnail","category-sport","tag-ache","tag-aleksandar-pavlovic","tag-arnaud-kalimuendo","tag-bayern","tag-bundesliga","tag-burkardt","tag-ee","tag-eesti","tag-eesti-keel","tag-eintracht","tag-estonia","tag-estonian","tag-frankfurdi-eintracht","tag-harry-kane","tag-hoffenheim","tag-jamal-musiala","tag-jonathan-burkardt","tag-joshua-kimmich","tag-kalimuendo","tag-kane","tag-kimmich","tag-koln","tag-muncheni-bayern","tag-musiala","tag-oscar-hojlund","tag-pavlovic","tag-ragnar-ache","tag-saksamaa-korgliiga","tag-sport","tag-sports"],"share_on_mastodon":{"url":"https:\/\/pubeurope.com\/@ee\/116110373874572016","error":""},"_links":{"self":[{"href":"https:\/\/www.europesays.com\/ee\/wp-json\/wp\/v2\/posts\/113335","targetHints":{"allow":["GET"]}}],"collection":[{"href":"https:\/\/www.europesays.com\/ee\/wp-json\/wp\/v2\/posts"}],"about":[{"href":"https:\/\/www.europesays.com\/ee\/wp-json\/wp\/v2\/types\/post"}],"author":[{"embeddable":true,"href":"https:\/\/www.europesays.com\/ee\/wp-json\/wp\/v2\/users\/2"}],"replies":[{"embeddable":true,"href":"https:\/\/www.europesays.com\/ee\/wp-json\/wp\/v2\/comments?post=113335"}],"version-history":[{"count":0,"href":"https:\/\/www.europesays.com\/ee\/wp-json\/wp\/v2\/posts\/113335\/revisions"}],"wp:featuredmedia":[{"embeddable":true,"href":"https:\/\/www.europesays.com\/ee\/wp-json\/wp\/v2\/media\/113273"}],"wp:attachment":[{"href":"https:\/\/www.europesays.com\/ee\/wp-json\/wp\/v2\/media?parent=113335"}],"wp:term":[{"taxonomy":"category","embeddable":true,"href":"https:\/\/www.europesays.com\/ee\/wp-json\/wp\/v2\/categories?post=113335"},{"taxonomy":"post_tag","embeddable":true,"href":"https:\/\/www.europesays.com\/ee\/wp-json\/wp\/v2\/tags?post=113335"}],"curies":[{"name":"wp","href":"https:\/\/api.w.org\/{rel}","templated":true}]}}