{"id":113420,"date":"2026-02-22T03:48:09","date_gmt":"2026-02-22T03:48:09","guid":{"rendered":"https:\/\/www.europesays.com\/ee\/113420\/"},"modified":"2026-02-22T03:48:09","modified_gmt":"2026-02-22T03:48:09","slug":"orban-nimetas-ainsa-tingimuse-ukrainaga-suhete-normaliseerimiseks","status":"publish","type":"post","link":"https:\/\/www.europesays.com\/ee\/113420\/","title":{"rendered":"Orb\u00e1n nimetas ainsa tingimuse Ukrainaga suhete normaliseerimiseks"},"content":{"rendered":"<p>Ungari peaminister Viktor Orb\u00e1n teatas, et Ukraina ja Ungari suhete normaliseerimine on v\u00f5imalik alles p\u00e4rast s\u00f5ja l\u00f5ppu. Seda \u00fctles ta p\u00e4rast esimest rahun\u00f5ukogu istungit Washingtonis, kirjutab <a href=\"https:\/\/www.unian.net\/world\/orban-premer-ministr-vengrii-edinstvennoe-uslovie-dlya-normalizacii-otnosheniy-s-ukrainoy-13292358.html#goog_rewarded\" rel=\"nofollow noopener\" target=\"_blank\">UNIAN<\/a> viitega <a href=\"https:\/\/mti.hu\/hirek\/2026\/02\/19\/orban-viktor-azok-zartak-el-baratsag-koolajvezeteket-akik-folrobbantottak-az\" rel=\"nofollow noopener\" target=\"_blank\">MTI<\/a>-le.<\/p>\n<p>Ungari peaministri s\u00f5nul on Ukraina-Ungari suhted praegu pingelised, kuna ukrainlased peavad vaenlaseks iga\u00fcht, kes neid ei toeta. Samas r\u00f5hutas ta, et p\u00e4rast s\u00f5ja l\u00f5ppu see m\u00f5\u00f5de kaob ning riigid saavad naasta normaalsete, rahumeelsete, diplomaatiliste, majanduslike ja muude suhete juurde.<\/p>\n<p>Ta teatas, et rahu on k\u00f5ige v\u00f5ti, sealhulgas ka Ukraina ja Ungari suhetes, kuid seni, kuni kestab s\u00f5da, ei n\u00e4e ta mingit v\u00f5imalust suhteid siluda.<\/p>\n<p>R\u00e4\u00e4kides s\u00f5jast Ukrainas, m\u00e4rkis Ungari liider, et ameeriklased n\u00e4itavad pidevalt initsiatiivi ja suhtlevad otse venelastega, samal ajal kui Euroopa liidrid on otsustanud s\u00f5da j\u00e4tkata.<\/p>\n<p>\u201eEuroopa liidrid ei planeeri ega m\u00f5tle sellele, vaid on langetanud otsuse, et venelasi tuleb l\u00fc\u00fca Ukraina territooriumil, ja nad r\u00e4\u00e4givad sellest avalikult,\u201c lisas Ungari peaminister.<\/p>\n","protected":false},"excerpt":{"rendered":"Ungari peaminister Viktor Orb\u00e1n teatas, et Ukraina ja Ungari suhete normaliseerimine on v\u00f5imalik alles p\u00e4rast s\u00f5ja l\u00f5ppu. Seda&hellip;\n","protected":false},"author":2,"featured_media":113421,"comment_status":"","ping_status":"","sticky":false,"template":"","format":"standard","meta":{"footnotes":"","_share_on_mastodon":"0"},"categories":[80],"tags":[26,27,37,33,35,34,36,31,32,21,28,29,95,19,25,22349,1049,23,24,262,22,118,20,30,3796,92,93,94],"class_list":["post-113420","post","type-post","status-publish","format-standard","has-post-thumbnail","category-maailm","tag-breaking-news","tag-breakingnews","tag-ee","tag-eesti","tag-eesti-keel","tag-estonia","tag-estonian","tag-featured-news","tag-featurednews","tag-headlines","tag-latest-news","tag-latestnews","tag-maailm","tag-news","tag-populaarseimad-lood","tag-rahunoukogu","tag-soda","tag-top-stories","tag-topstories","tag-ukraina","tag-uldised-uudised","tag-ungari","tag-uudised","tag-viimased-uudised","tag-viktor-orban","tag-world","tag-world-news","tag-worldnews"],"share_on_mastodon":{"url":"https:\/\/pubeurope.com\/@ee\/116112241620701016","error":""},"_links":{"self":[{"href":"https:\/\/www.europesays.com\/ee\/wp-json\/wp\/v2\/posts\/113420","targetHints":{"allow":["GET"]}}],"collection":[{"href":"https:\/\/www.europesays.com\/ee\/wp-json\/wp\/v2\/posts"}],"about":[{"href":"https:\/\/www.europesays.com\/ee\/wp-json\/wp\/v2\/types\/post"}],"author":[{"embeddable":true,"href":"https:\/\/www.europesays.com\/ee\/wp-json\/wp\/v2\/users\/2"}],"replies":[{"embeddable":true,"href":"https:\/\/www.europesays.com\/ee\/wp-json\/wp\/v2\/comments?post=113420"}],"version-history":[{"count":0,"href":"https:\/\/www.europesays.com\/ee\/wp-json\/wp\/v2\/posts\/113420\/revisions"}],"wp:featuredmedia":[{"embeddable":true,"href":"https:\/\/www.europesays.com\/ee\/wp-json\/wp\/v2\/media\/113421"}],"wp:attachment":[{"href":"https:\/\/www.europesays.com\/ee\/wp-json\/wp\/v2\/media?parent=113420"}],"wp:term":[{"taxonomy":"category","embeddable":true,"href":"https:\/\/www.europesays.com\/ee\/wp-json\/wp\/v2\/categories?post=113420"},{"taxonomy":"post_tag","embeddable":true,"href":"https:\/\/www.europesays.com\/ee\/wp-json\/wp\/v2\/tags?post=113420"}],"curies":[{"name":"wp","href":"https:\/\/api.w.org\/{rel}","templated":true}]}}