{"id":113598,"date":"2026-02-22T11:00:07","date_gmt":"2026-02-22T11:00:07","guid":{"rendered":"https:\/\/www.europesays.com\/ee\/113598\/"},"modified":"2026-02-22T11:00:07","modified_gmt":"2026-02-22T11:00:07","slug":"galerii-%e2%9f%a9-parnu-linnaloomad-vallutavad-peagi-endla-teatri-lava","status":"publish","type":"post","link":"https:\/\/www.europesays.com\/ee\/113598\/","title":{"rendered":"GALERII \u27e9 P\u00e4rnu linnaloomad vallutavad peagi Endla teatri lava"},"content":{"rendered":"<p>\u00abL\u00e4ks v\u00e4ga h\u00e4sti, l\u00f5petasime juba kell kaks, eelmisest proovist j\u00f5udsin koju kella poole kuue paiku,\u00bb m\u00e4rgib Kits, kes t\u00e4na erandkorras ka lavastajat asendas. Muusika- ja tantsulavastus, mis on inspiratsiooni saanud hiljutistest uudistest P\u00e4rnu linna sattunud ja siia elama j\u00e4\u00e4nud metsloomadest, toob lavale ligikaudu sada osalejat. Tegu on n\u00fcansirohke ja sisutiheda teosega, kus l\u00f6\u00f6vad kaasa noored solistid, koorid ja tantsijad \u2013 kogu terviku paika loksutamine ei ole sugugi lihtne t\u00f6\u00f6. \u00abAga asi liigub \u00fcha selgemalt terviku poole,\u00bb \u00fctleb Kits.<\/p>\n","protected":false},"excerpt":{"rendered":"\u00abL\u00e4ks v\u00e4ga h\u00e4sti, l\u00f5petasime juba kell kaks, eelmisest proovist j\u00f5udsin koju kella poole kuue paiku,\u00bb m\u00e4rgib Kits, kes&hellip;\n","protected":false},"author":2,"featured_media":113599,"comment_status":"","ping_status":"","sticky":false,"template":"","format":"standard","meta":{"footnotes":"","_share_on_mastodon":"0"},"categories":[5],"tags":[26,27,37,33,35,9205,34,36,31,32,21,53603,53601,28,29,28311,19,9204,25,23,24,53602,22,20,30],"class_list":["post-113598","post","type-post","status-publish","format-standard","has-post-thumbnail","category-uldised-uudised","tag-breaking-news","tag-breakingnews","tag-ee","tag-eesti","tag-eesti-keel","tag-endla-teater","tag-estonia","tag-estonian","tag-featured-news","tag-featurednews","tag-headlines","tag-koguperemuusikal","tag-laine-magi-tantsukool","tag-latest-news","tag-latestnews","tag-linnaloom","tag-news","tag-parnu-kunstide-kool","tag-populaarseimad-lood","tag-top-stories","tag-topstories","tag-uhisproov","tag-uldised-uudised","tag-uudised","tag-viimased-uudised"],"share_on_mastodon":{"url":"https:\/\/pubeurope.com\/@ee\/116113940319363970","error":""},"_links":{"self":[{"href":"https:\/\/www.europesays.com\/ee\/wp-json\/wp\/v2\/posts\/113598","targetHints":{"allow":["GET"]}}],"collection":[{"href":"https:\/\/www.europesays.com\/ee\/wp-json\/wp\/v2\/posts"}],"about":[{"href":"https:\/\/www.europesays.com\/ee\/wp-json\/wp\/v2\/types\/post"}],"author":[{"embeddable":true,"href":"https:\/\/www.europesays.com\/ee\/wp-json\/wp\/v2\/users\/2"}],"replies":[{"embeddable":true,"href":"https:\/\/www.europesays.com\/ee\/wp-json\/wp\/v2\/comments?post=113598"}],"version-history":[{"count":0,"href":"https:\/\/www.europesays.com\/ee\/wp-json\/wp\/v2\/posts\/113598\/revisions"}],"wp:featuredmedia":[{"embeddable":true,"href":"https:\/\/www.europesays.com\/ee\/wp-json\/wp\/v2\/media\/113599"}],"wp:attachment":[{"href":"https:\/\/www.europesays.com\/ee\/wp-json\/wp\/v2\/media?parent=113598"}],"wp:term":[{"taxonomy":"category","embeddable":true,"href":"https:\/\/www.europesays.com\/ee\/wp-json\/wp\/v2\/categories?post=113598"},{"taxonomy":"post_tag","embeddable":true,"href":"https:\/\/www.europesays.com\/ee\/wp-json\/wp\/v2\/tags?post=113598"}],"curies":[{"name":"wp","href":"https:\/\/api.w.org\/{rel}","templated":true}]}}