{"id":113654,"date":"2026-02-22T13:12:07","date_gmt":"2026-02-22T13:12:07","guid":{"rendered":"https:\/\/www.europesays.com\/ee\/113654\/"},"modified":"2026-02-22T13:12:07","modified_gmt":"2026-02-22T13:12:07","slug":"ungari-ahvardab-blokeerida-euroopa-liidu-20-sanktsioonipaketi-venemaa-vastu","status":"publish","type":"post","link":"https:\/\/www.europesays.com\/ee\/113654\/","title":{"rendered":"Ungari \u00e4hvardab blokeerida Euroopa Liidu 20. sanktsioonipaketi Venemaa vastu"},"content":{"rendered":"<p>Ungari blokeerib Euroopa Liidu 20. sanktsioonipaketi Venemaa vastu, kui Ukraina ei taasava v\u00f5tmet\u00e4htsusega naftajuhet Dru\u017eba, mis varustab riiki Vene naftaga, \u00e4hvardasid t\u00e4na Ungari peaminister Viktor Orb\u00e1n ja v\u00e4lisminister P\u00e9ter Szijj\u00e1rt\u00f3.<\/p>\n<p>\u00abMitte mingit toetust sanktsioonidele, 20. sanktsioonipakett l\u00fckatakse tagasi,\u00bb kirjutas Orb\u00e1n sotsiaalmeediaplatvormil X.<\/p>\n","protected":false},"excerpt":{"rendered":"Ungari blokeerib Euroopa Liidu 20. sanktsioonipaketi Venemaa vastu, kui Ukraina ei taasava v\u00f5tmet\u00e4htsusega naftajuhet Dru\u017eba, mis varustab riiki&hellip;\n","protected":false},"author":2,"featured_media":113655,"comment_status":"","ping_status":"","sticky":false,"template":"","format":"standard","meta":{"footnotes":"","_share_on_mastodon":"0"},"categories":[5],"tags":[26,27,37,33,35,34,36,31,32,21,28,29,19,7375,25,5064,45714,53633,23,24,262,22,20,96,30],"class_list":["post-113654","post","type-post","status-publish","format-standard","has-post-thumbnail","category-uldised-uudised","tag-breaking-news","tag-breakingnews","tag-ee","tag-eesti","tag-eesti-keel","tag-estonia","tag-estonian","tag-featured-news","tag-featurednews","tag-headlines","tag-latest-news","tag-latestnews","tag-news","tag-orban","tag-populaarseimad-lood","tag-robert-fico","tag-slovakia","tag-szijjarto","tag-top-stories","tag-topstories","tag-ukraina","tag-uldised-uudised","tag-uudised","tag-venemaa","tag-viimased-uudised"],"share_on_mastodon":{"url":"https:\/\/pubeurope.com\/@ee\/116114459407353931","error":""},"_links":{"self":[{"href":"https:\/\/www.europesays.com\/ee\/wp-json\/wp\/v2\/posts\/113654","targetHints":{"allow":["GET"]}}],"collection":[{"href":"https:\/\/www.europesays.com\/ee\/wp-json\/wp\/v2\/posts"}],"about":[{"href":"https:\/\/www.europesays.com\/ee\/wp-json\/wp\/v2\/types\/post"}],"author":[{"embeddable":true,"href":"https:\/\/www.europesays.com\/ee\/wp-json\/wp\/v2\/users\/2"}],"replies":[{"embeddable":true,"href":"https:\/\/www.europesays.com\/ee\/wp-json\/wp\/v2\/comments?post=113654"}],"version-history":[{"count":0,"href":"https:\/\/www.europesays.com\/ee\/wp-json\/wp\/v2\/posts\/113654\/revisions"}],"wp:featuredmedia":[{"embeddable":true,"href":"https:\/\/www.europesays.com\/ee\/wp-json\/wp\/v2\/media\/113655"}],"wp:attachment":[{"href":"https:\/\/www.europesays.com\/ee\/wp-json\/wp\/v2\/media?parent=113654"}],"wp:term":[{"taxonomy":"category","embeddable":true,"href":"https:\/\/www.europesays.com\/ee\/wp-json\/wp\/v2\/categories?post=113654"},{"taxonomy":"post_tag","embeddable":true,"href":"https:\/\/www.europesays.com\/ee\/wp-json\/wp\/v2\/tags?post=113654"}],"curies":[{"name":"wp","href":"https:\/\/api.w.org\/{rel}","templated":true}]}}