{"id":113782,"date":"2026-02-22T17:47:10","date_gmt":"2026-02-22T17:47:10","guid":{"rendered":"https:\/\/www.europesays.com\/ee\/113782\/"},"modified":"2026-02-22T17:47:10","modified_gmt":"2026-02-22T17:47:10","slug":"pm-olumpial-%e2%9f%a9-kanada-viha-donald-trumpi-ja-usa-suhtes-vahutas-voimsalt-aga-viljatult-postimees-sport","status":"publish","type":"post","link":"https:\/\/www.europesays.com\/ee\/113782\/","title":{"rendered":"PM OL\u00dcMPIAL \u27e9 Kanada viha Donald Trumpi ja USA suhtes vahutas v\u00f5imsalt, aga viljatult &#8211; Postimees Sport"},"content":{"rendered":"<ol>\n<li><a href=\"https:\/\/news.google.com\/rss\/articles\/CBMiuAFBVV95cUxNRGN4bzZ4TlBNNWR3Q3BUalFFUy1zQ0N3Tm5zaXhTbWtOTUFvMl95YmlRaHRLTjFLQ0xsYkxWU1pzbTI4Mm1FQXhCNVFNYklaXzNHNEhOTElROWJSU0NtQzA2WlZpYl9fZHhWWmVrNjVUb0Jyb2JpOG5WaWxIc2c2SXlQaXM1REdOMlNmX0lBdHZnRjFFanlhOUhiMGFQVEQ0Sjdqdy1vMXRQWUEydk1HTE1hX1NVZ0N6?oc=5\" target=\"_blank\" rel=\"nofollow noopener\">PM OL\u00dcMPIAL \u27e9 Kanada viha Donald Trumpi ja USA suhtes vahutas v\u00f5imsalt, aga viljatult<\/a>&nbsp;&nbsp;Postimees Sport<\/li>\n<li><a href=\"https:\/\/news.google.com\/rss\/articles\/CBMi2AFBVV95cUxOc3N0eTY3VDRsSElGclRsR3dNdU4yajM2ajNLak1lTnF4dFI2Z3NFdnU4MlE1R3FuTjhVSnNqSDFRdUVjQWFYeGtvSi11TFJYbDc5bHhLTWRTTm1tZ1hiV0owYzN4eXZZMzd2d0EtMl9sRmtSVzZOdnlRR2k5Sm0xMzVyYmZ1S1NnZkJTVVh3aGlnX3daUDJ4eFhocUVpeGstS1VFb0J2ZkxCTXJhaktEWXRNVkdjTHhvTEFOcGFVN0MtZEJoNG83VTdBSVdvV21FU0JVaWdHbG8?oc=5\" target=\"_blank\" rel=\"nofollow noopener\">BLOGI JA GALERII \u00abEesti murdmaasuusatamine elab!\u00bb Keidy Kaasiku pani klassikamaratonil ilusa punkti ol\u00fcmpiale<\/a>&nbsp;&nbsp;Postimees Sport<\/li>\n<li><a href=\"https:\/\/news.google.com\/rss\/articles\/CBMiyAFBVV95cUxPUW84T2JySjMxZXBBNVk0cnI0aEI1NXIwdGV1Y2NTdk9wN3ZSTDJRNHRkLXhpMlYwVkRMSGpReThVSHhpZFh5MzNPUzlKcE5ielhPZ0F0Q3dMYjRzVlV4UERidjV0OTUyU2RTZGllSlQ3UEViWmRqSDJ5QkRnd2RzRmRiRDNKR3A2OUJ5WS0xTWY5VnVJMlhjSE9LenRteEFxNjFia01FNEl3MHkybGtJNVI5VHB0dXY2SFp4Tlg4LV9LRHNVaTFvaA?oc=5\" target=\"_blank\" rel=\"nofollow noopener\">Keidy Kaasiku tegi ol\u00fcmpia klassikamaratonil elu s\u00f5idu. Treener Teppan: t\u00e4na oli see p\u00e4ev<\/a>&nbsp;&nbsp;Delfi Sport<\/li>\n<li><a href=\"https:\/\/news.google.com\/rss\/articles\/CBMipgFBVV95cUxOVzJsT0tyZGdnVnI2QnNjdlIzWURLWnRRaVItRHdPLVZsMjhnZUZndjktT1otSG5COHkwRzhqd2tjRjBKb0FWNWplYXlBNVdzeWhaenYzdEVncXFsWG1rNTU5N25kZ0tMdmp2SldyX21Xd1dYQlRPQ0pxUU5UT0xyYlBaeXN6QWJPd0FoS3ZMRzloYVFYUzZoRXRLVGpLT2VPYnFOVHNB?oc=5\" target=\"_blank\" rel=\"nofollow noopener\">Andersson \u00fcletas fini\u0161ijoone uhkes \u00fcksinduses, Keidy Kaasiku sai 13. koha<\/a>&nbsp;&nbsp;sport | ERR<\/li>\n<li><a href=\"https:\/\/news.google.com\/rss\/articles\/CBMi5wFBVV95cUxNM1V6UllGaUhlYVRuQ2tXcXVfZkVvWlQwYzdQcmJ1azQ1dUpoelFnTXhobV82ZmlDNTNyX3Fpck9TRnRLbV9kNWJwZFRUeVhuZ2VtQm9nZ19DTVJnT0tfTjJTLW05MGdTVlJoejVkd09IUFQybUdMRUEyMVRJWnVDZlV2dmxLLS1HWnlpUXZqNy01Z3VBanhiQWF4ck1aZGJZUFdZOWo2X3JpRGItY25VOGZ1ZS10MzFLREhTM2hEZGRRRjJ1NHpFU1M2UXFVLV92TUJkRWZUUUd2VUlQOFhONUt1TFFnc2M?oc=5\" target=\"_blank\" rel=\"nofollow noopener\">OL\u00dcMPIABLOGI | Kas \u00f5ed Kaasikud l\u00f5petavad maratoni 20 parema hulgas? Kas unistuse hokikuld l\u00e4heb Kanadasse v\u00f5i USAsse?<\/a>&nbsp;&nbsp;\u00d5htuleht<\/li>\n<\/ol>\n","protected":false},"excerpt":{"rendered":"PM OL\u00dcMPIAL \u27e9 Kanada viha Donald Trumpi ja USA suhtes vahutas v\u00f5imsalt, aga viljatult&nbsp;&nbsp;Postimees Sport BLOGI JA GALERII&hellip;\n","protected":false},"author":2,"featured_media":113783,"comment_status":"","ping_status":"","sticky":false,"template":"","format":"standard","meta":{"footnotes":"","_share_on_mastodon":"0"},"categories":[5],"tags":[26,27,53687,9063,324,37,33,35,34,36,31,32,21,4652,38324,53688,28,29,53689,19,25,23,24,22,20,30],"class_list":["post-113782","post","type-post","status-publish","format-standard","has-post-thumbnail","category-uldised-uudised","tag-breaking-news","tag-breakingnews","tag-connor-hellebuyck","tag-connor-mcdavid","tag-donald-trump","tag-ee","tag-eesti","tag-eesti-keel","tag-estonia","tag-estonian","tag-featured-news","tag-featurednews","tag-headlines","tag-jd-vance","tag-kanada-jaahokikoondis","tag-lake-placid-1980","tag-latest-news","tag-latestnews","tag-miracle-on-ice","tag-news","tag-populaarseimad-lood","tag-top-stories","tag-topstories","tag-uldised-uudised","tag-uudised","tag-viimased-uudised"],"share_on_mastodon":{"url":"https:\/\/pubeurope.com\/@ee\/116115540710813502","error":""},"_links":{"self":[{"href":"https:\/\/www.europesays.com\/ee\/wp-json\/wp\/v2\/posts\/113782","targetHints":{"allow":["GET"]}}],"collection":[{"href":"https:\/\/www.europesays.com\/ee\/wp-json\/wp\/v2\/posts"}],"about":[{"href":"https:\/\/www.europesays.com\/ee\/wp-json\/wp\/v2\/types\/post"}],"author":[{"embeddable":true,"href":"https:\/\/www.europesays.com\/ee\/wp-json\/wp\/v2\/users\/2"}],"replies":[{"embeddable":true,"href":"https:\/\/www.europesays.com\/ee\/wp-json\/wp\/v2\/comments?post=113782"}],"version-history":[{"count":0,"href":"https:\/\/www.europesays.com\/ee\/wp-json\/wp\/v2\/posts\/113782\/revisions"}],"wp:featuredmedia":[{"embeddable":true,"href":"https:\/\/www.europesays.com\/ee\/wp-json\/wp\/v2\/media\/113783"}],"wp:attachment":[{"href":"https:\/\/www.europesays.com\/ee\/wp-json\/wp\/v2\/media?parent=113782"}],"wp:term":[{"taxonomy":"category","embeddable":true,"href":"https:\/\/www.europesays.com\/ee\/wp-json\/wp\/v2\/categories?post=113782"},{"taxonomy":"post_tag","embeddable":true,"href":"https:\/\/www.europesays.com\/ee\/wp-json\/wp\/v2\/tags?post=113782"}],"curies":[{"name":"wp","href":"https:\/\/api.w.org\/{rel}","templated":true}]}}