{"id":113811,"date":"2026-02-22T18:51:07","date_gmt":"2026-02-22T18:51:07","guid":{"rendered":"https:\/\/www.europesays.com\/ee\/113811\/"},"modified":"2026-02-22T18:51:07","modified_gmt":"2026-02-22T18:51:07","slug":"taispika-filmi-debuut-uhiuue-komoodiafilmi-saarane-mulk-peaosas-astub-ules-gerli-padari-vanem-tutar-amanda-rebeca","status":"publish","type":"post","link":"https:\/\/www.europesays.com\/ee\/113811\/","title":{"rendered":"T\u00e4ispika filmi deb\u00fc\u00fct! Uhiuue kom\u00f6\u00f6diafilmi \u201eS\u00e4\u00e4rane mulk\u201c peaosas astub \u00fcles Gerli Padari vanem t\u00fctar Amanda Rebeca"},"content":{"rendered":"<p>Aastaid v\u00f5istlustantsuga tegelenud Amanda Rebeca Padar (21) on viimastel aastatel aina rohkem n\u00e4itlemises k\u00e4tt proovinud. N\u00fc\u00fcd on ta j\u00f5udnud olulise verstapostini, napsates endale t\u00e4ispikas filmis peaosa. Nimelt kehastab Amanda Rebeca kodumaises kom\u00f6\u00f6diafilmis \u201eS\u00e4\u00e4rane mulk\u201c k\u00fcla kauneimat neiut Maiet. Tema k\u00f5rval on peaosades veel Maria Teresa Kalmet, Leonhard Sass Taalmaa, <a rel=\"noopener nofollow\" target=\"_blank\" href=\"https:\/\/www.delfi.ee\/teema\/82792549\/mart-koik\" data-rel-date-range=\"[]\">M\u00e4rt Koik<\/a>, <a rel=\"noopener nofollow\" target=\"_blank\" href=\"https:\/\/www.delfi.ee\/teema\/71097517\/paaru-oja\" data-rel-date-range=\"[]\">P\u00e4\u00e4ru Oja<\/a> ja <a rel=\"noopener nofollow\" target=\"_blank\" href=\"https:\/\/www.delfi.ee\/teema\/67063518\/piret-krumm\" data-rel-date-range=\"[]\">Piret Krumm<\/a>. Lisaks teevad filmis kaasa <a rel=\"noopener nofollow\" target=\"_blank\" href=\"https:\/\/www.delfi.ee\/teema\/1026\/jan-uuspold\" data-rel-date-range=\"[]\">Jan Uusp\u00f5ld<\/a>, <a rel=\"noopener nofollow\" target=\"_blank\" href=\"https:\/\/www.delfi.ee\/teema\/56938676\/ago-anderson\" data-rel-date-range=\"[]\">Ago Anderson<\/a>, <a rel=\"noopener nofollow\" target=\"_blank\" href=\"https:\/\/www.delfi.ee\/teema\/82782365\/raimo-pass\" data-rel-date-range=\"[]\">Raimo Pass<\/a> jt.<\/p>\n<p>Amanda Rebeca r\u00e4\u00e4kis linateose levitaja ACME Filmi TikTokis jagatud videos, et\u00a0tema m\u00e4ngitavat Maie tegelaskuju iseloomustab sihikindlus. Samuti avaldas ta videos, kuidas filmiroll temani j\u00f5udis. \u201eSelle rolli\u00a0sain niimoodi, et Ergo (lavastaja Ergo Kuld \u2013 toim) k\u00fcsis mu k\u00e4est, kas ma sooviksin osaleda filmis. Kui sain teada, et tegemist on peaosaga, siis see oli v\u00e4ga \u00e4ge emotsioon, sest see on mu esimene n-\u00f6 t\u00e4ispikk film,\u201c selgitas Amanda Rebeca. <\/p>\n<p>Oled juba tellija?Logi sisse<\/p>\n<p><a href=\"https:\/\/kroonika.delfi.ee\/artikkel\/120437444\/taispika-filmi-debuut-uhiuue-komoodiafilmi-saarane-mulk-peaosas-astub-ules-gerli-padari-vanem-tutar-amanda-rebeca\/kommentaarid\" class=\"article-body-bottom__comment article-body-bottom__comment--write button button--primary button--size-auto\" rel=\"nofollow noopener\" target=\"_blank\"> Kommenteeri <\/a><a href=\"https:\/\/kroonika.delfi.ee\/artikkel\/120437444\/taispika-filmi-debuut-uhiuue-komoodiafilmi-saarane-mulk-peaosas-astub-ules-gerli-padari-vanem-tutar-amanda-rebeca\/kommentaarid\" class=\"article-body-bottom__comment article-body-bottom__comment--read button button--size-auto\" rel=\"nofollow noopener\" target=\"_blank\"> Loe kommentaare (1)<\/a><\/p>\n","protected":false},"excerpt":{"rendered":"Aastaid v\u00f5istlustantsuga tegelenud Amanda Rebeca Padar (21) on viimastel aastatel aina rohkem n\u00e4itlemises k\u00e4tt proovinud. N\u00fc\u00fcd on ta&hellip;\n","protected":false},"author":2,"featured_media":113812,"comment_status":"","ping_status":"","sticky":false,"template":"","format":"standard","meta":{"footnotes":"","_share_on_mastodon":"0"},"categories":[16],"tags":[11730,17072,37,33,35,173,11072,34,36,7691,53696,4030,18265,140,37470,20235,40815,53698,53697,257],"class_list":["post-113811","post","type-post","status-publish","format-standard","has-post-thumbnail","category-meelelahutus","tag-ago-anderson","tag-armin-karu","tag-ee","tag-eesti","tag-eesti-keel","tag-entertainment","tag-ergo-kuld","tag-estonia","tag-estonian","tag-jan-uuspold","tag-kristian-taska","tag-lydia-koidula","tag-mart-koik","tag-meelelahutus","tag-ott-kilusk","tag-paaru-oja","tag-piret-krumm","tag-raimo-pass","tag-taska-film","tag-tv3"],"share_on_mastodon":{"url":"https:\/\/pubeurope.com\/@ee\/116115792454499382","error":""},"_links":{"self":[{"href":"https:\/\/www.europesays.com\/ee\/wp-json\/wp\/v2\/posts\/113811","targetHints":{"allow":["GET"]}}],"collection":[{"href":"https:\/\/www.europesays.com\/ee\/wp-json\/wp\/v2\/posts"}],"about":[{"href":"https:\/\/www.europesays.com\/ee\/wp-json\/wp\/v2\/types\/post"}],"author":[{"embeddable":true,"href":"https:\/\/www.europesays.com\/ee\/wp-json\/wp\/v2\/users\/2"}],"replies":[{"embeddable":true,"href":"https:\/\/www.europesays.com\/ee\/wp-json\/wp\/v2\/comments?post=113811"}],"version-history":[{"count":0,"href":"https:\/\/www.europesays.com\/ee\/wp-json\/wp\/v2\/posts\/113811\/revisions"}],"wp:featuredmedia":[{"embeddable":true,"href":"https:\/\/www.europesays.com\/ee\/wp-json\/wp\/v2\/media\/113812"}],"wp:attachment":[{"href":"https:\/\/www.europesays.com\/ee\/wp-json\/wp\/v2\/media?parent=113811"}],"wp:term":[{"taxonomy":"category","embeddable":true,"href":"https:\/\/www.europesays.com\/ee\/wp-json\/wp\/v2\/categories?post=113811"},{"taxonomy":"post_tag","embeddable":true,"href":"https:\/\/www.europesays.com\/ee\/wp-json\/wp\/v2\/tags?post=113811"}],"curies":[{"name":"wp","href":"https:\/\/api.w.org\/{rel}","templated":true}]}}