{"id":11385,"date":"2025-10-04T10:47:09","date_gmt":"2025-10-04T10:47:09","guid":{"rendered":"https:\/\/www.europesays.com\/ee\/11385\/"},"modified":"2025-10-04T10:47:09","modified_gmt":"2025-10-04T10:47:09","slug":"meelis-oidsalu-tootuli-peale-julgeolekuasutustes-kaebamas-kaimine-on-voimuliialdus","status":"publish","type":"post","link":"https:\/\/www.europesays.com\/ee\/11385\/","title":{"rendered":"Meelis Oidsalu: t\u00f6\u00f6t\u00fcli peale julgeolekuasutustes kaebamas k\u00e4imine on v\u00f5imuliialdus"},"content":{"rendered":"<p>  <img decoding=\"async\" src=\"https:\/\/www.europesays.com\/ee\/wp-content\/uploads\/2025\/10\/d53acdea-9a10-4f95-bcfb-6334c6a36944.jpg\" loading=\"lazy\" alt=\"S\u00dc\u00dcTU: P\u00e4rast nelja aastat sai selgeks, et Meelis Oidsalu riigisaladust ei lekitanud.\"\/> <\/p>\n<p>S\u00dc\u00dcTU: P\u00e4rast nelja aastat sai selgeks, et Meelis Oidsalu riigisaladust ei lekitanud.<\/p>\n<p>FOTO:  Priit Simson | Delfi Meedia<\/p>\n<p>Kui 8. septembril k\u00e4isin l\u00f5petamise m\u00e4\u00e4rusega tutvumas, kohtusin kaitsepolitseiameti pressiesindaja Harrys Puusepaga ning uurijaga. \u00dctlesin neile, et ei hakka selle teemaga meedias \u201eamokki jooksma\u201c, sest see pole kokkuv\u00f5ttes lihtsalt m\u00f5istlik.<\/p>\n","protected":false},"excerpt":{"rendered":"S\u00dc\u00dcTU: P\u00e4rast nelja aastat sai selgeks, et Meelis Oidsalu riigisaladust ei lekitanud. FOTO: Priit Simson | Delfi Meedia&hellip;\n","protected":false},"author":2,"featured_media":11386,"comment_status":"","ping_status":"","sticky":false,"template":"","format":"standard","meta":{"footnotes":"","_share_on_mastodon":"0"},"categories":[12],"tags":[26,27,37,33,35,823,34,36,31,32,21,28,29,2801,7850,19,25,23,24,22,20,30],"class_list":["post-11385","post","type-post","status-publish","format-standard","has-post-thumbnail","category-eesti","tag-breaking-news","tag-breakingnews","tag-ee","tag-eesti","tag-eesti-keel","tag-eesti-paevaleht","tag-estonia","tag-estonian","tag-featured-news","tag-featurednews","tag-headlines","tag-latest-news","tag-latestnews","tag-meelis-oidsalu","tag-mikk-marran","tag-news","tag-populaarseimad-lood","tag-top-stories","tag-topstories","tag-uldised-uudised","tag-uudised","tag-viimased-uudised"],"share_on_mastodon":{"url":"","error":""},"_links":{"self":[{"href":"https:\/\/www.europesays.com\/ee\/wp-json\/wp\/v2\/posts\/11385","targetHints":{"allow":["GET"]}}],"collection":[{"href":"https:\/\/www.europesays.com\/ee\/wp-json\/wp\/v2\/posts"}],"about":[{"href":"https:\/\/www.europesays.com\/ee\/wp-json\/wp\/v2\/types\/post"}],"author":[{"embeddable":true,"href":"https:\/\/www.europesays.com\/ee\/wp-json\/wp\/v2\/users\/2"}],"replies":[{"embeddable":true,"href":"https:\/\/www.europesays.com\/ee\/wp-json\/wp\/v2\/comments?post=11385"}],"version-history":[{"count":0,"href":"https:\/\/www.europesays.com\/ee\/wp-json\/wp\/v2\/posts\/11385\/revisions"}],"wp:featuredmedia":[{"embeddable":true,"href":"https:\/\/www.europesays.com\/ee\/wp-json\/wp\/v2\/media\/11386"}],"wp:attachment":[{"href":"https:\/\/www.europesays.com\/ee\/wp-json\/wp\/v2\/media?parent=11385"}],"wp:term":[{"taxonomy":"category","embeddable":true,"href":"https:\/\/www.europesays.com\/ee\/wp-json\/wp\/v2\/categories?post=11385"},{"taxonomy":"post_tag","embeddable":true,"href":"https:\/\/www.europesays.com\/ee\/wp-json\/wp\/v2\/tags?post=11385"}],"curies":[{"name":"wp","href":"https:\/\/api.w.org\/{rel}","templated":true}]}}