{"id":113876,"date":"2026-02-22T23:38:07","date_gmt":"2026-02-22T23:38:07","guid":{"rendered":"https:\/\/www.europesays.com\/ee\/113876\/"},"modified":"2026-02-22T23:38:07","modified_gmt":"2026-02-22T23:38:07","slug":"tiitel-vormistamise-kusimus-inter-tegi-laupaeval-oma-too-ara-ja-sai-puhapaeval-kaks-kingitust-loftus-cheek-viidi-kanderaamil-valjakult-ara-soccernet-ee","status":"publish","type":"post","link":"https:\/\/www.europesays.com\/ee\/113876\/","title":{"rendered":"Tiitel vormistamise k\u00fcsimus: Inter tegi laup\u00e4eval oma t\u00f6\u00f6 \u00e4ra ja sai p\u00fchap\u00e4eval kaks kingitust (Loftus-Cheek viidi kanderaamil v\u00e4ljakult \u00e4ra) &#8211; Soccernet.ee"},"content":{"rendered":"<p><img decoding=\"async\" src=\"https:\/\/www.europesays.com\/ee\/wp-content\/uploads\/2026\/02\/1771789241.jpg\" alt=\"Milani poolkaitsja Ruben Loftus-Cheek sai selles olukorras vigastada. Foto: Scanpix \/ Jonathan Moscrop \/ IMAGO\"\/>&#13;\n<\/p>\n<p>K\u00f5ik m\u00e4rgid n\u00e4itavad, et Milano Inter kroonitakse t\u00e4navu Cristian Chivu juhendamisel 21-kordseks Itaalia meistriks. Interi seis oli juba varem v\u00e4ga hea, aga 26. voorus muutus veel paremaks, sest l\u00e4himad j\u00e4litajad kaotasid punkte.<\/p>\n<p>Tabeliliider Inter pidas oma 26. vooru m\u00e4ngu \u00e4ra laup\u00e4eval, saades Henrih Mhitarjani ja Manuel Akanji teise poolaja v\u00e4ravatest 2:0 jagu Leccest ning kasvatades edu teisel kohal oleva linnarivaali AC Milani ees k\u00fcmnepunktiliseks.&#13;\n<\/p>\n<p>Milanil oli p\u00fchap\u00e4eval v\u00f5imalik vahe v\u00e4hendada uuesti seitsmele punktile, aga kuna kodus kaotati Parmale 0:1, siis Inter j\u00e4tkab k\u00fcmnepunktilise eduga. M\u00e4ngu ainus v\u00e4rav s\u00fcndis 80. minutil, kui\u00a0Mariano Troilo suunas Emanuele Valeri nurgal\u00f6\u00f6gi peaga v\u00f5rku. Milan tegi m\u00e4ngu jooksul 25 pealel\u00f6\u00f6ki, aga ei suutnud Parma v\u00e4ravalukku lahti muukida.&#13;\n<\/p>\n<p>M\u00e4ngu j\u00e4\u00e4b varjutama Milani poolkaitsja Ruben Loftus-Cheeki vigastus. Ta p\u00f5rkas seitsmendal minutil kokku Parma v\u00e4ravavahi Edoardo Corvi ja kaitsja Lautaro Valentiga, misj\u00e4rel j\u00e4i murule pikali peast kinni hoidma. Ta ei kaotanud teadvust, aga viidi p\u00e4rast m\u00f5neminutilist tohterdamist kanderaamil v\u00e4ljakult \u00e4ra haiglasse uuringutele.<\/p>\n<p>Milani allaj\u00e4\u00e4mine Parmale polnud ainus kingitus Interile, sest tiitlikaitsja Napoli kaotas v\u00f5\u00f5rsil 1:0 eduseisust Atalantale 1:2. Sam Beukema l\u00f5i esimesel poolajal Napoli juhtima, kuid Atalanta haaras teisel poolajal Mario Pa\u0161alici ja Lazar Samard\u017eici v\u00e4ravatest v\u00f5idupunktid endale. Napoli kaotab n\u00fc\u00fcd Interile juba 14 punktiga.&#13;\n<\/p>\n<p>Napoliga samadele punktidele t\u00f5usis AS Roma, kes sai kodus teise poolaja v\u00e4ravatest 3:0 jagu Cremonesest. M\u00e4ngu kangelaseks kerkis Bryan Cristante, kes l\u00f5i \u00fche v\u00e4rava ja andis \u00fche v\u00e4ravas\u00f6\u00f6du. Lisaks Cristantele tegid skoori Evan Ndicka ja Niccolo Pisilli.\u00a0&#13;<\/p>\n","protected":false},"excerpt":{"rendered":"&#13; K\u00f5ik m\u00e4rgid n\u00e4itavad, et Milano Inter kroonitakse t\u00e4navu Cristian Chivu juhendamisel 21-kordseks Itaalia meistriks. Interi seis oli&hellip;\n","protected":false},"author":2,"featured_media":113877,"comment_status":"","ping_status":"","sticky":false,"template":"","format":"standard","meta":{"footnotes":"","_share_on_mastodon":"0"},"categories":[18],"tags":[1076,1540,1816,1818,37,33,35,34,36,1820,53723,1080,1811,1191,1821,1545,53724,159,158],"class_list":["post-113876","post","type-post","status-publish","format-standard","has-post-thumbnail","category-sport","tag-ac-milan","tag-as-roma","tag-atalanta","tag-cremonese","tag-ee","tag-eesti","tag-eesti-keel","tag-estonia","tag-estonian","tag-inter","tag-loftus-cheek","tag-milan","tag-milano-inter","tag-napoli","tag-parma","tag-roma","tag-ruben-loftus-cheek","tag-sport","tag-sports"],"share_on_mastodon":{"url":"https:\/\/pubeurope.com\/@ee\/116116920932171518","error":""},"_links":{"self":[{"href":"https:\/\/www.europesays.com\/ee\/wp-json\/wp\/v2\/posts\/113876","targetHints":{"allow":["GET"]}}],"collection":[{"href":"https:\/\/www.europesays.com\/ee\/wp-json\/wp\/v2\/posts"}],"about":[{"href":"https:\/\/www.europesays.com\/ee\/wp-json\/wp\/v2\/types\/post"}],"author":[{"embeddable":true,"href":"https:\/\/www.europesays.com\/ee\/wp-json\/wp\/v2\/users\/2"}],"replies":[{"embeddable":true,"href":"https:\/\/www.europesays.com\/ee\/wp-json\/wp\/v2\/comments?post=113876"}],"version-history":[{"count":0,"href":"https:\/\/www.europesays.com\/ee\/wp-json\/wp\/v2\/posts\/113876\/revisions"}],"wp:featuredmedia":[{"embeddable":true,"href":"https:\/\/www.europesays.com\/ee\/wp-json\/wp\/v2\/media\/113877"}],"wp:attachment":[{"href":"https:\/\/www.europesays.com\/ee\/wp-json\/wp\/v2\/media?parent=113876"}],"wp:term":[{"taxonomy":"category","embeddable":true,"href":"https:\/\/www.europesays.com\/ee\/wp-json\/wp\/v2\/categories?post=113876"},{"taxonomy":"post_tag","embeddable":true,"href":"https:\/\/www.europesays.com\/ee\/wp-json\/wp\/v2\/tags?post=113876"}],"curies":[{"name":"wp","href":"https:\/\/api.w.org\/{rel}","templated":true}]}}