{"id":113882,"date":"2026-02-23T00:00:09","date_gmt":"2026-02-23T00:00:09","guid":{"rendered":"https:\/\/www.europesays.com\/ee\/113882\/"},"modified":"2026-02-23T00:00:09","modified_gmt":"2026-02-23T00:00:09","slug":"hein-saab-jargmises-mangus-voimaluse-backhaus-puterdas-palli-varavasse-ja-st-pauli-teenis-magusa-voidu-soccernet-ee-2","status":"publish","type":"post","link":"https:\/\/www.europesays.com\/ee\/113882\/","title":{"rendered":"Hein saab j\u00e4rgmises m\u00e4ngus v\u00f5imaluse? Backhaus puterdas palli v\u00e4ravasse ja St. Pauli teenis magusa v\u00f5idu &#8211; Soccernet.ee"},"content":{"rendered":"<p>\t  \t\u00d7<br \/>\n\t\t\t\tLogi sisse<\/p>\n<p style=\"margin-top: 35px;\">Sotsiaalmeedia kontoga portaali sisenemiseks pead sisestama \u00f5ige salas\u00f5na ja<br \/>\n\t\t\t\tkasutajanime ning n\u00f5ustuma oma andmete jagamisega Soccernetiga.<\/p>\n<p>Soccerneti kontoga portaali sisenemiseks logi eelnevalt foorumisse sisse ning seej\u00e4rel kliki portaalis<br \/>\n\t\t\t\tSoccerneti sisselogimisikoonil.<\/p>\n<p>Olles foorumi mobiilivaates, saab portaali tagasi, kerides lehe l\u00f5ppu ning klikkides &#8220;Portaal&#8221;.<\/p>\n","protected":false},"excerpt":{"rendered":"\u00d7 Logi sisse Sotsiaalmeedia kontoga portaali sisenemiseks pead sisestama \u00f5ige salas\u00f5na ja kasutajanime ning n\u00f5ustuma oma andmete jagamisega&hellip;\n","protected":false},"author":2,"featured_media":113814,"comment_status":"","ping_status":"","sticky":false,"template":"","format":"standard","meta":{"footnotes":"","_share_on_mastodon":"0"},"categories":[18],"tags":[524,526,37,33,35,34,36,532,536,5040,5176,3910,159,158,1002,539],"class_list":["post-113882","post","type-post","status-publish","format-standard","has-post-thumbnail","category-sport","tag-backhaus","tag-bremeni-werder","tag-ee","tag-eesti","tag-eesti-keel","tag-estonia","tag-estonian","tag-hein","tag-karl-jakob-hein","tag-karol-mets","tag-mets","tag-mio-backhaus","tag-sport","tag-sports","tag-st-pauli","tag-werder"],"share_on_mastodon":{"url":"https:\/\/pubeurope.com\/@ee\/116117007386747468","error":""},"_links":{"self":[{"href":"https:\/\/www.europesays.com\/ee\/wp-json\/wp\/v2\/posts\/113882","targetHints":{"allow":["GET"]}}],"collection":[{"href":"https:\/\/www.europesays.com\/ee\/wp-json\/wp\/v2\/posts"}],"about":[{"href":"https:\/\/www.europesays.com\/ee\/wp-json\/wp\/v2\/types\/post"}],"author":[{"embeddable":true,"href":"https:\/\/www.europesays.com\/ee\/wp-json\/wp\/v2\/users\/2"}],"replies":[{"embeddable":true,"href":"https:\/\/www.europesays.com\/ee\/wp-json\/wp\/v2\/comments?post=113882"}],"version-history":[{"count":0,"href":"https:\/\/www.europesays.com\/ee\/wp-json\/wp\/v2\/posts\/113882\/revisions"}],"wp:featuredmedia":[{"embeddable":true,"href":"https:\/\/www.europesays.com\/ee\/wp-json\/wp\/v2\/media\/113814"}],"wp:attachment":[{"href":"https:\/\/www.europesays.com\/ee\/wp-json\/wp\/v2\/media?parent=113882"}],"wp:term":[{"taxonomy":"category","embeddable":true,"href":"https:\/\/www.europesays.com\/ee\/wp-json\/wp\/v2\/categories?post=113882"},{"taxonomy":"post_tag","embeddable":true,"href":"https:\/\/www.europesays.com\/ee\/wp-json\/wp\/v2\/tags?post=113882"}],"curies":[{"name":"wp","href":"https:\/\/api.w.org\/{rel}","templated":true}]}}