{"id":113885,"date":"2026-02-23T00:22:07","date_gmt":"2026-02-23T00:22:07","guid":{"rendered":"https:\/\/www.europesays.com\/ee\/113885\/"},"modified":"2026-02-23T00:22:07","modified_gmt":"2026-02-23T00:22:07","slug":"galerii-%e2%9f%a9-milano-cortina-olumpia-loppes-suurejoonelise-tseremooniaga-taliharm-tousis-rambivalgusse","status":"publish","type":"post","link":"https:\/\/www.europesays.com\/ee\/113885\/","title":{"rendered":"GALERII \u27e9 Milano Cortina ol\u00fcmpia l\u00f5ppes suurejoonelise tseremooniaga, Talih\u00e4rm t\u00f5usis rambivalgusse"},"content":{"rendered":"<p>Tseremoonia toimus amfiteatris Arena di Verona, mis on p\u00fcsinud kaks aastatuhandet. Areen rikka ajaloo jooksul on seal korraldatud gladiaatoriv\u00f5itlusi, mistap on igati sobilik, et ol\u00fcmpia l\u00f5ppes just seal.<\/p>\n<p>Tantsu ja tralli k\u00f5rval autasustati l\u00f5putseremoonial nii meeste kui ka naiste 50 km klassikamaratoni esikolmikuid.<\/p>\n<p>Lisaks kutsuti rahva ette laskesuusataja Johanna Talih\u00e4rm, kes valiti esimese eestlasena ROKi sportlaskomisjoni liikmeks. Ta oli \u00fcks kahest sportlasest, kes t\u00e4nas m\u00e4ngude vabatahtlikke.<\/p>\n<p>Milano ja Cortina d\u2019Ampezzo linnapead ol\u00fcmpialipu \u00fcle ROKi presidendile, kes omakorda ulatas lipu 2030. aasta Prantsusmaa Alpide taliol\u00fcmpia korraldajatele.<\/p>\n<p>Veidi p\u00e4rast seda, kui Milano Cortina ol\u00fcmpia korralduskomitee juht Giovanni Malag\u00f2 ja ROKi president Kirsty Coventry pidasid k\u00f5ne, kustutati ol\u00fcmpiatuli.<\/p>\n","protected":false},"excerpt":{"rendered":"Tseremoonia toimus amfiteatris Arena di Verona, mis on p\u00fcsinud kaks aastatuhandet. Areen rikka ajaloo jooksul on seal korraldatud&hellip;\n","protected":false},"author":2,"featured_media":113886,"comment_status":"","ping_status":"","sticky":false,"template":"","format":"standard","meta":{"footnotes":"","_share_on_mastodon":"0"},"categories":[18],"tags":[53726,53727,41464,37,33,35,34,36,20894,3335,2377,159,158],"class_list":["post-113885","post","type-post","status-publish","format-standard","has-post-thumbnail","category-sport","tag-2030-prantsusmaa-alpide-taliolumpia","tag-arena-di-verona","tag-cortina-dampezzo","tag-ee","tag-eesti","tag-eesti-keel","tag-estonia","tag-estonian","tag-johanna-taliharm","tag-milano","tag-rok","tag-sport","tag-sports"],"share_on_mastodon":{"url":"https:\/\/pubeurope.com\/@ee\/116117093934912525","error":""},"_links":{"self":[{"href":"https:\/\/www.europesays.com\/ee\/wp-json\/wp\/v2\/posts\/113885","targetHints":{"allow":["GET"]}}],"collection":[{"href":"https:\/\/www.europesays.com\/ee\/wp-json\/wp\/v2\/posts"}],"about":[{"href":"https:\/\/www.europesays.com\/ee\/wp-json\/wp\/v2\/types\/post"}],"author":[{"embeddable":true,"href":"https:\/\/www.europesays.com\/ee\/wp-json\/wp\/v2\/users\/2"}],"replies":[{"embeddable":true,"href":"https:\/\/www.europesays.com\/ee\/wp-json\/wp\/v2\/comments?post=113885"}],"version-history":[{"count":0,"href":"https:\/\/www.europesays.com\/ee\/wp-json\/wp\/v2\/posts\/113885\/revisions"}],"wp:featuredmedia":[{"embeddable":true,"href":"https:\/\/www.europesays.com\/ee\/wp-json\/wp\/v2\/media\/113886"}],"wp:attachment":[{"href":"https:\/\/www.europesays.com\/ee\/wp-json\/wp\/v2\/media?parent=113885"}],"wp:term":[{"taxonomy":"category","embeddable":true,"href":"https:\/\/www.europesays.com\/ee\/wp-json\/wp\/v2\/categories?post=113885"},{"taxonomy":"post_tag","embeddable":true,"href":"https:\/\/www.europesays.com\/ee\/wp-json\/wp\/v2\/tags?post=113885"}],"curies":[{"name":"wp","href":"https:\/\/api.w.org\/{rel}","templated":true}]}}