{"id":113893,"date":"2026-02-23T01:06:13","date_gmt":"2026-02-23T01:06:13","guid":{"rendered":"https:\/\/www.europesays.com\/ee\/113893\/"},"modified":"2026-02-23T01:06:13","modified_gmt":"2026-02-23T01:06:13","slug":"kas-ski-classics-kas-kogemus-annab-olumpiakulla","status":"publish","type":"post","link":"https:\/\/www.europesays.com\/ee\/113893\/","title":{"rendered":"Kas Ski Classics Kas kogemus annab ol\u00fcmpiakulla?"},"content":{"rendered":"<p>Kogemus alates 64. Ski Classics Oma \u00fcrituse ja 15 v\u00f5iduga v\u00f5ib 38-aastane Oppdalist p\u00e4rit veteran olla valmis v\u00f5itlema kulla eest Val di Fiemmes toimuval naiste 50 km jooksus.<\/p>\n<p class=\"gt-block\">Samuti loe &#8211; <a href=\"https:\/\/www.proxcskiing.com\/et\/traditsiooniline-suusatamine\/2026.-aasta-ol%C3%BCmpiam%C3%A4ngude-naiste-50-km-%C3%BChisstardi-jooksu-t%C3%A4ielik-juhend\/\" rel=\"nofollow noopener\" target=\"_blank\">Ol\u00fcmpiam\u00e4ngud 2026: naiste 50 km \u00fchisstardiga jooksu t\u00e4ielik juhend<\/a><\/p>\n<p>Siin on m\u00f5ned p\u00f5hjused, miks Slind v\u00f5ib enne ol\u00fcmpiafinaali oma medaliv\u00f5imalusi optimistlikumalt vaadata:<\/p>\n<p>\u2022 Ol\u00fcmpia teatejooksu kuldmedal. Slind tegi tugeva teise etapi ja j\u00e4i jalule, kui Ebba Andersson kukkus ja suusa kaotas, mis oli Norra v\u00f5idule \u00fclioluline panus.<\/p>\n<p class=\"gt-block\">\u2022 Edusammud v\u00f5istkondlikus sprindis. &#8220;Neljas koht pole see, mida sa tahad&#8221; \u00fctles ta p\u00e4rast seda, kui ta oli koos Julie Myhre Bjervig Drivenesiga poodiumilt napilt v\u00e4ljas. Vaatamata sellele, et sprindis Saksamaa vastu napilt pronksist ilma j\u00e4i, n\u00e4itas sooritus selget paranemist.<\/p>\n<p>\u2022 Ebakindlus Rootsi laagris. Frida Karlsson on v\u00f5idelnud k\u00fclmetusega ja on n\u00fc\u00fcd 50 km distantsist v\u00e4ljas. Ja kuidas on Anderssoni kukkumine teda m\u00f5jutanud? Rootsi vormi \u00fcmber on k\u00fcsim\u00e4rke.<\/p>\n<p>\u2022 Norralaste enesekindlus vahatamisel. Norra mehed domineerisid laup\u00e4evasel 50 km distantsil kindla 1\u20132\u20133 fini\u0161iga. See annab lootust, et vahatamismeeskond on leidnud \u00f5ige valemi ka p\u00fchap\u00e4evase naiste v\u00f5istluse n\u00f5udlikeks oludeks.<\/p>\n<p>Siis on olemas Ski Classics faktor.<\/p>\n<p>Astrid \u00d8yre Slind on v\u00f5itnud Vasaloppeti, Reistadl\u00f8peti, Engadin La Diagonela, Birkebeinerrenneti, Summit 2 Senja ja palju muud. V\u00e4hestel, kui \u00fcldse, on sellel alal oma kogemusi \u00fcle 50 kilomeetri.<\/p>\n<p>See on esimene kord, kui 50 km on naiste ol\u00fcmpiaprogrammis. See deb\u00fcteeris eelmisel aastal maailmameistriv\u00f5istlustel, kui Frida Karlsson v\u00f5itis Trondheimis kulla.<\/p>\n<p class=\"gt-block\">\u201eTa on omaette klassis. On uskumatu, kui kiiresti ta t\u00e4na suusatas. Kui see nii j\u00e4tkub, saab meil raske olema.\u201c Slind \u00fctles p\u00e4rast suusav\u00f5istlust.<\/p>\n<p>P\u00fchap\u00e4eval saab ta jutustuse \u00fcmber p\u00f6\u00f6rata.<\/p>\n<p>Kes v\u00f5idab naiste ol\u00fcmpia murdmaasuusatamise kahev\u00f5istluse viimase kuldmedali? <\/p>\n<p>Murdmaasuusatamise ajakava \u2013 ol\u00fcmpiam\u00e4ngud 2026<\/p>\n<p class=\"gt-block\">Laup\u00e4ev, 7. veebruar: 20 km skiathlon C\/F naised (Lisateavet leiate aadressilt\u00a0<a href=\"https:\/\/www.proxcskiing.com\/et\/s%C3%BCndmus\/taliol%C3%BCmpiam%C3%A4ngud-Milanos-Cortinas-skiathlon-naised\/\" target=\"_blank\" rel=\"noreferrer noopener nofollow\">SIIN<\/a>)<\/p>\n<ul class=\"wp-block-list\">\n<li>13:00 CET: 20 km skiathlon C\/F, naised<\/li>\n<\/ul>\n<p class=\"gt-block\">P\u00fchap\u00e4ev, 8. veebruar: 20 km skiathlon C\/W mehed (Lisateavet leiate aadressilt\u00a0<a href=\"https:\/\/www.proxcskiing.com\/et\/s%C3%BCndmus\/taliol%C3%BCmpiam%C3%A4ngud-milano-cortina-skiatlon-mehed\/\" target=\"_blank\" rel=\"noreferrer noopener nofollow\">SIIN<\/a>)<\/p>\n<ul class=\"wp-block-list\">\n<li>12:30 Kesk-Euroopa aja j\u00e4rgi: 20 km skiatlon C\/F, mehed<\/li>\n<\/ul>\n<p class=\"gt-block\">Teisip\u00e4ev, 10. veebruar: Sprint C naised ja mehed (Lisateavet leiate aadressilt\u00a0<a href=\"https:\/\/www.proxcskiing.com\/et\/s%C3%BCndmus\/taliol%C3%BCmpiam%C3%A4ngud-Milanos-Cortinas-sprint-C\/\" target=\"_blank\" rel=\"noreferrer noopener nofollow\">SIIN<\/a>)<\/p>\n<ul class=\"wp-block-list\">\n<li>9:15 CET: Sprint Quali C, naised<\/li>\n<li>9:55 CET: Sprint Quali C, mehed<\/li>\n<li>11:45 CET: Sprindi finaal C, naised<\/li>\n<li>12:15 CET: sprindi C-finaal, mehed<\/li>\n<\/ul>\n<p class=\"gt-block\">Neljap\u00e4ev, 12. veebruar: 10 km intervallstart F naistele (Lisateavet leiate aadressilt\u00a0<a href=\"https:\/\/www.proxcskiing.com\/et\/s%C3%BCndmus\/taliol%C3%BCmpiam%C3%A4ngud-Milanos-Cortinas-10-km-vabajooksus-naised\/\" target=\"_blank\" rel=\"noreferrer noopener nofollow\">SIIN<\/a>)<\/p>\n<ul class=\"wp-block-list\">\n<li>13:00 CET: 10 km intervall F, naised<\/li>\n<\/ul>\n<p class=\"gt-block\">Reede, 13. veebruar: 10 km intervallstart F mehed (lisateavet leiate aadressilt\u00a0<a href=\"https:\/\/www.proxcskiing.com\/et\/s%C3%BCndmus\/taliol%C3%BCmpiam%C3%A4ngud-Milanos-Cortinas-10-km-vabajooksus-mehed\/\" target=\"_blank\" rel=\"noreferrer noopener nofollow\">SIIN<\/a>)<\/p>\n<ul class=\"wp-block-list\">\n<li>11:45 CET: 10 km intervall F, mehed<\/li>\n<\/ul>\n<p class=\"gt-block\">Laup\u00e4ev, 14. veebruar: 4\u00d77.5 km teatejooks C\/F naistele (Lisateavet leiate aadressilt\u00a0<a href=\"https:\/\/www.proxcskiing.com\/et\/s%C3%BCndmus\/taliol%C3%BCmpiam%C3%A4ngud-Milanos-Cortina-teatejooks-naised\/\" target=\"_blank\" rel=\"noreferrer noopener nofollow\">SIIN<\/a>)<\/p>\n<ul class=\"wp-block-list\">\n<li>12:00 CET: 4\u00d77.5 km teatejooks C\/F, naised<\/li>\n<\/ul>\n<p class=\"gt-block\">P\u00fchap\u00e4ev, 15. veebruar: 4\u00d77.5 km teatejooks C\/W meestele (lisateavet leiate aadressilt\u00a0<a href=\"https:\/\/www.proxcskiing.com\/et\/s%C3%BCndmus\/taliol%C3%BCmpiam%C3%A4ngud-Milanos-Cortinas--meeste-teatejooks\/\" target=\"_blank\" rel=\"noreferrer noopener nofollow\">SIIN<\/a>)<\/p>\n<ul class=\"wp-block-list\">\n<li>12:00 CET: 4\u00d77.5 km teatejooks C\/F, mehed<\/li>\n<\/ul>\n<p class=\"gt-block\">Kolmap\u00e4ev, 18. veebruar: Meeskondlik sprint naistele ja meestele (Lisateavet leiate aadressilt\u00a0<a href=\"https:\/\/www.proxcskiing.com\/et\/s%C3%BCndmus\/taliol%C3%BCmpiam%C3%A4ngud-Milanos-Cortinas--meeskondlik-sprint\/\" target=\"_blank\" rel=\"noreferrer noopener nofollow\">SIIN<\/a>)<\/p>\n<ul class=\"wp-block-list\">\n<li>9:45 CET: Team Sprint F Quali, naised<\/li>\n<li>10:15 CET: Team Sprint F Quali, mehed<\/li>\n<li>11:45 CET: V\u00f5istkondlik sprint F, naised<\/li>\n<li>12:15 CET: Meeskondlik sprint F, mehed<\/li>\n<\/ul>\n<p class=\"gt-block\">Laup\u00e4ev, 21. veebruar: 50 km \u00fchisstardist C mehed (lisateavet leiate aadressilt\u00a0<a href=\"https:\/\/www.proxcskiing.com\/et\/s%C3%BCndmus\/taliol%C3%BCmpiam%C3%A4ngud-Milanos-Cortinas-50-km-C-mehed\/\" target=\"_blank\" rel=\"noreferrer noopener nofollow\">SIIN<\/a>)<\/p>\n<ul class=\"wp-block-list\">\n<li>11:00 CET: 50 km \u00fchisstart C, mehed<\/li>\n<\/ul>\n<p class=\"gt-block\">P\u00fchap\u00e4ev, 22. veebruar: 50 km \u00fchisstardist C naised (lisateavet leiate aadressilt\u00a0<a href=\"https:\/\/www.proxcskiing.com\/et\/s%C3%BCndmus\/taliol%C3%BCmpiam%C3%A4ngud-Milanos-Cortinas-50-km-C-naised\/\" target=\"_blank\" rel=\"noreferrer noopener nofollow\">SIIN<\/a>)<\/p>\n<ul class=\"wp-block-list\">\n<li>10:00 CET: 50 km \u00fchisstart C, naised<\/li>\n<\/ul>\n<p class=\"gt-block\">Taliol\u00fcmpiam\u00e4ngude t\u00e4ieliku programmi leiab\u00a0<a href=\"https:\/\/milanocortina2026.olympics.com\/en\/competition-schedule\" target=\"_blank\" rel=\"noreferrer noopener nofollow\">SIIN<\/a><\/p>\n<p>Val di Fiemme, klassikaline murdmaasuusatamise rada, lubab p\u00f5nevaid v\u00f5idus\u00f5ite ol\u00fcmpiaajalooga l\u00e4bi imbunud radadel. F\u00e4nnidel \u00fcle maailma on v\u00f5imalus sportlastele kaasa elada k\u00f5igil distantsidel, alates plahvatuslikest sprintidest kuni kurnavate maratonideni.<\/p>\n<p class=\"gt-block\">Kas olete huvitatud traditsioonilisest murdmaasuusatamisest? Kl\u00f5psake siin\u00a0<a href=\"https:\/\/www.proxcskiing.com\/et\/kategooria\/traditsiooniline-suusatamine\/\" target=\"_blank\" rel=\"noreferrer noopener nofollow\">SIIN<\/a>\u00a0ja loe selle kohta l\u00e4hemalt.<\/p>\n","protected":false},"excerpt":{"rendered":"Kogemus alates 64. Ski Classics Oma \u00fcrituse ja 15 v\u00f5iduga v\u00f5ib 38-aastane Oppdalist p\u00e4rit veteran olla valmis v\u00f5itlema&hellip;\n","protected":false},"author":2,"featured_media":113894,"comment_status":"","ping_status":"","sticky":false,"template":"","format":"standard","meta":{"footnotes":"","_share_on_mastodon":"0"},"categories":[18],"tags":[37,33,35,34,36,3586,1529,35584,43457,53728,159,158],"class_list":["post-113893","post","type-post","status-publish","format-standard","has-post-thumbnail","category-sport","tag-ee","tag-eesti","tag-eesti-keel","tag-estonia","tag-estonian","tag-kuld","tag-olumpia","tag-proxcskimine","tag-ski-classics","tag-slind","tag-sport","tag-sports"],"share_on_mastodon":{"url":"https:\/\/pubeurope.com\/@ee\/116117266953576984","error":""},"_links":{"self":[{"href":"https:\/\/www.europesays.com\/ee\/wp-json\/wp\/v2\/posts\/113893","targetHints":{"allow":["GET"]}}],"collection":[{"href":"https:\/\/www.europesays.com\/ee\/wp-json\/wp\/v2\/posts"}],"about":[{"href":"https:\/\/www.europesays.com\/ee\/wp-json\/wp\/v2\/types\/post"}],"author":[{"embeddable":true,"href":"https:\/\/www.europesays.com\/ee\/wp-json\/wp\/v2\/users\/2"}],"replies":[{"embeddable":true,"href":"https:\/\/www.europesays.com\/ee\/wp-json\/wp\/v2\/comments?post=113893"}],"version-history":[{"count":0,"href":"https:\/\/www.europesays.com\/ee\/wp-json\/wp\/v2\/posts\/113893\/revisions"}],"wp:featuredmedia":[{"embeddable":true,"href":"https:\/\/www.europesays.com\/ee\/wp-json\/wp\/v2\/media\/113894"}],"wp:attachment":[{"href":"https:\/\/www.europesays.com\/ee\/wp-json\/wp\/v2\/media?parent=113893"}],"wp:term":[{"taxonomy":"category","embeddable":true,"href":"https:\/\/www.europesays.com\/ee\/wp-json\/wp\/v2\/categories?post=113893"},{"taxonomy":"post_tag","embeddable":true,"href":"https:\/\/www.europesays.com\/ee\/wp-json\/wp\/v2\/tags?post=113893"}],"curies":[{"name":"wp","href":"https:\/\/api.w.org\/{rel}","templated":true}]}}