{"id":114016,"date":"2026-02-23T07:57:06","date_gmt":"2026-02-23T07:57:06","guid":{"rendered":"https:\/\/www.europesays.com\/ee\/114016\/"},"modified":"2026-02-23T07:57:06","modified_gmt":"2026-02-23T07:57:06","slug":"tallinna-vesi-jatab-adala-tanava-ja-rajab-ulemistesse-uue-peahoone","status":"publish","type":"post","link":"https:\/\/www.europesays.com\/ee\/114016\/","title":{"rendered":"Tallinna Vesi j\u00e4tab \u00c4dala t\u00e4nava ja rajab \u00dclemistesse uue peahoone"},"content":{"rendered":"<p>Tallinna Vesi teavitas 2024. aastal avalikult plaanist loobuda oma hoonetest \u00c4dala t\u00e4naval ning j\u00e4tkata tulevikus tegutsemist kahes asukohas \u2013 \u00dclemiste veepuhastusjaamas ja <a rel=\"noopener nofollow\" target=\"_blank\" href=\"https:\/\/www.delfi.ee\/teema\/50392847\/paljassaare\" tag-id=\"50392847\">Paljassaare<\/a> reoveepuhastusjaamas.\u202fTegevuse viimine kahte asukohta l\u00e4htub nii \u00f6konoomsusest, talitluspidevusest kui ka keskkonnahoiust. Praegused ligi 60 aastat tagasi ehitatud hooned \u00c4dala t\u00e4naval on tugevalt amortiseerunud, energiakasutuselt ebaefektiivsed ning ei vasta ettev\u00f5tte vajadustele. <\/p>\n<p>\u201eLoobudes \u00c4dala t\u00e4nava asukohast ja uuendades meie hoonestust \u00dclemiste veepuhastusjaama kinnistul, s\u00e4\u00e4stame olulisel m\u00e4\u00e4ral nii kulusid kui ka keskkonda. Elut\u00e4htsa teenuse osutajana t\u00f5stame ka ettev\u00f5tte v\u00f5imekust tagada ohutus ja toimepidevus, lihtsustame osakondade vahelist koost\u00f6\u00f6d ja valmisolekut kriisisituatsioonideks,\u201c r\u00e4\u00e4kis Tallinna Vee varahaldusdirektor Tarvi Thomberg. <\/p>\n<p>Muudatus eeldab t\u00e4iendava hoone ehitamist \u00dclemiste veepuhastusjaama juurde ning selleks lammutati 6 amortiseerunud lao- ja tootmishoonet. Praegu kasutab ettev\u00f5te \u00c4dala t\u00e4naval ligi 10 000 m2 pinda, mis on \u00fcle kahe korra rohkem kui uue hoone pind \u00dclemistes. <\/p>\n<p>\u00d6konoomse ja keskkonnahoidliku hoone lahenduse leidmiseks korraldati 2023. aasta oktoobris riigihange ning selle v\u00f5itis arhitektuurib\u00fcroo BOA t\u00f6\u00f6. J\u00e4rgnes ehitushange 2025. aasta juunis, mille v\u00f5itis Nordecon. <\/p>\n<p>\u201eTaaskord on meie portfelli j\u00f5udnud \u00e4\u00e4rmiselt p\u00f5nev objekt. Meil on hea meel olla partner Tallinna Vee kui elut\u00e4htsa teenuse osutaja pikaaegse strateegia elluviimisel. Tegemist on projektiga, kus keskkonnas\u00f5bralikkus on olulisel kohal, j\u00e4rgime selle elluviimisel kestliku ehitusjuhtimise p\u00f5him\u00f5tteid,\u201c kommenteeris Nordecon AS juhatuse liige Deniss Berman.<\/p>\n<p>Uude hoonesse on plaanitud ruumid torustike opereerimise, torustike ehituse, veekvaliteedi ja -diagnostika, torustike info ja klienditeeninduse ning \u00e4rijuhtimisega tegelevatele t\u00f6\u00f6tajatele. Maja on kavandatud vastama k\u00f5rgetele keskkonnan\u00f5uetele ja planeeritud liginullenergiahoonena. <\/p>\n<p>Tallinna Vesi finantseerib ehitust olulises ulatuses praeguse \u00c4dala t\u00e4nava kinnistu m\u00fc\u00fcgist, uue hoone ehituse maksumus on 9,8 miljonit eurot. Koos vajaminevate infrastruktuuriuuendustega veepuhastusjaama territooriumil on kogu ehituslepingu maht 11,8 miljonit eurot, millele lisandub k\u00e4ibemaks. Uue hoone valmimine on plaanitud 2027. aastasse. <\/p>\n<p>Kuidas see lugu Sind end tundma pani? Saada <a href=\"https:\/\/arileht.delfi.ee\/artikkel\/120438109\/tallinna-vesi-jatab-adala-tanava-ja-rajab-ulemistesse-uue-peahoone\/kommentaarid\" class=\"article-body-bottom__comment article-body-bottom__comment--write button button--primary button--size-auto\" rel=\"nofollow noopener\" target=\"_blank\"> Kommenteeri <\/a><a href=\"https:\/\/arileht.delfi.ee\/artikkel\/120438109\/tallinna-vesi-jatab-adala-tanava-ja-rajab-ulemistesse-uue-peahoone\/kommentaarid\" class=\"article-body-bottom__comment article-body-bottom__comment--read button button--size-auto\" rel=\"nofollow noopener\" target=\"_blank\"> Loe kommentaare <\/a><\/p>\n","protected":false},"excerpt":{"rendered":"Tallinna Vesi teavitas 2024. aastal avalikult plaanist loobuda oma hoonetest \u00c4dala t\u00e4naval ning j\u00e4tkata tulevikus tegutsemist kahes asukohas&hellip;\n","protected":false},"author":2,"featured_media":114017,"comment_status":"","ping_status":"","sticky":false,"template":"","format":"standard","meta":{"footnotes":"","_share_on_mastodon":"0"},"categories":[5],"tags":[26,27,37,33,35,34,36,31,32,21,28,29,19,11160,33464,25,23,24,22,2805,20,30],"class_list":["post-114016","post","type-post","status-publish","format-standard","has-post-thumbnail","category-uldised-uudised","tag-breaking-news","tag-breakingnews","tag-ee","tag-eesti","tag-eesti-keel","tag-estonia","tag-estonian","tag-featured-news","tag-featurednews","tag-headlines","tag-latest-news","tag-latestnews","tag-news","tag-nordecon","tag-paljassaare","tag-populaarseimad-lood","tag-top-stories","tag-topstories","tag-uldised-uudised","tag-ulemiste-keskus","tag-uudised","tag-viimased-uudised"],"share_on_mastodon":{"url":"https:\/\/pubeurope.com\/@ee\/116118883067499301","error":""},"_links":{"self":[{"href":"https:\/\/www.europesays.com\/ee\/wp-json\/wp\/v2\/posts\/114016","targetHints":{"allow":["GET"]}}],"collection":[{"href":"https:\/\/www.europesays.com\/ee\/wp-json\/wp\/v2\/posts"}],"about":[{"href":"https:\/\/www.europesays.com\/ee\/wp-json\/wp\/v2\/types\/post"}],"author":[{"embeddable":true,"href":"https:\/\/www.europesays.com\/ee\/wp-json\/wp\/v2\/users\/2"}],"replies":[{"embeddable":true,"href":"https:\/\/www.europesays.com\/ee\/wp-json\/wp\/v2\/comments?post=114016"}],"version-history":[{"count":0,"href":"https:\/\/www.europesays.com\/ee\/wp-json\/wp\/v2\/posts\/114016\/revisions"}],"wp:featuredmedia":[{"embeddable":true,"href":"https:\/\/www.europesays.com\/ee\/wp-json\/wp\/v2\/media\/114017"}],"wp:attachment":[{"href":"https:\/\/www.europesays.com\/ee\/wp-json\/wp\/v2\/media?parent=114016"}],"wp:term":[{"taxonomy":"category","embeddable":true,"href":"https:\/\/www.europesays.com\/ee\/wp-json\/wp\/v2\/categories?post=114016"},{"taxonomy":"post_tag","embeddable":true,"href":"https:\/\/www.europesays.com\/ee\/wp-json\/wp\/v2\/tags?post=114016"}],"curies":[{"name":"wp","href":"https:\/\/api.w.org\/{rel}","templated":true}]}}