{"id":114102,"date":"2026-02-23T09:36:10","date_gmt":"2026-02-23T09:36:10","guid":{"rendered":"https:\/\/www.europesays.com\/ee\/114102\/"},"modified":"2026-02-23T09:36:10","modified_gmt":"2026-02-23T09:36:10","slug":"usa-d-tabanud-voimsa-tormi-tottu-kehtestas-new-york-liikumiskeelu-valismaa","status":"publish","type":"post","link":"https:\/\/www.europesays.com\/ee\/114102\/","title":{"rendered":"USA-d tabanud v\u00f5imsa tormi t\u00f5ttu kehtestas New York liikumiskeelu | V\u00e4lismaa"},"content":{"rendered":"<p>New York keelas esmasp\u00e4eval autoliikluse ja sulges koolid, samal ajal kui elanikud valmistusid \u00dchendriikide kirdeosa tabanud v\u00f5imsaks lumetormiks.<\/p>\n<p>Riikliku ilmateenistus (NWS) prognoosis, et Marylandist kuni Uus-Inglismaa kaguosani tekivad kiiresti tuisuolud, mis muudavad liiklemise \u00e4\u00e4rmiselt ohtlikuks.<\/p>\n<p>Tormi haripunktis v\u00f5ib lund sadada viis kuni 7,5 sentimeetrit tunnis ning selle teele j\u00e4\u00e4b ligi 54 miljonit inimest.<\/p>\n<p>Esmasp\u00e4eva varahommikuks oli torm juba j\u00f5udnud New Yorgini, v\u00e4hendades n\u00e4htavust sedav\u00f5rd, et Wall Streeti pilvel\u00f5hkujad olid k\u00f5rvalasuvast Brooklyni linnaosast vaevu n\u00e4htavad.<\/p>\n<p>Prognoosijate s\u00f5nul on tiheda lumesaju ja tugevate tuuleiilide t\u00f5ttu t\u00f5en\u00e4olised elektrikatkestused. Esmasp\u00e4eval Eesti aja j\u00e4rgi kell 06.39 oli seireveebilehe poweroutage.us andmetel New Jersey osariigis elektrita ligi 80 000 klienti.<\/p>\n<p>Samal ajal on lennuj\u00e4lgija FlightAware&#8217;i andmetel esmasp\u00e4eva varahommikuse seisuga t\u00fchistatud \u00fcle 5000 lennu.<\/p>\n<p>Rohkem kui kaheksa miljoni elanikuga New Yorgis \u00fctles linnapea Zohran Mamdani, et t\u00e4navad, kiirteed ja sillad suletakse p\u00fchap\u00e4eva \u00f5htul kella 21.00-st kuni esmasp\u00e4eva keskp\u00e4evani.<\/p>\n<p>Keeld ei kehti elut\u00e4htsate teenuste osutajatele ega newyorklastele, kes peavad reisima h\u00e4daolukordade t\u00f5ttu.<\/p>\n<p>Brooklynis elav 33-aastane Brandon Smith kurtis, et m\u00f5ned t\u00f6\u00f6kohad on j\u00e4\u00e4nud avatuks, kuigi teed on suletud.<\/p>\n<p>&#8220;Enamikul newyorklastel on raske liigelda, sest peame ikkagi t\u00f6\u00f6le minema. On kahetsusv\u00e4\u00e4rne, et liiklus on peatatud, sest t\u00f6\u00f6andjad kutsuvad meid endiselt t\u00f6\u00f6le,&#8221; \u00fctles ta.<\/p>\n<p>New Jersey kuberner Mikie Sherrill kuulutas p\u00fchap\u00e4eva keskp\u00e4evast v\u00e4lja eriolukorra, mis vabastab rahalisi vahendeid ja v\u00f5imaldab ressursside kiiret kasutuselev\u00f5ttu ilmastikukriisi lahendamiseks.<\/p>\n<p>Bostonis sulges linnapea Michelle Wu esmasp\u00e4eval k\u00f5ik munitsipaalkoolid ja linnahooned.<\/p>\n<p>&#8220;Palume k\u00f5igil ette planeerida, p\u00fcsida turvaliselt ja soojas ning hoiduda teedele tulemast, et toetada meie kommunaal- ja p\u00e4\u00e4steteenistuste t\u00f6\u00f6d,&#8221; \u00fctles Wu.<\/p>\n","protected":false},"excerpt":{"rendered":"New York keelas esmasp\u00e4eval autoliikluse ja sulges koolid, samal ajal kui elanikud valmistusid \u00dchendriikide kirdeosa tabanud v\u00f5imsaks lumetormiks.&hellip;\n","protected":false},"author":2,"featured_media":114103,"comment_status":"","ping_status":"","sticky":false,"template":"","format":"standard","meta":{"footnotes":"","_share_on_mastodon":"0"},"categories":[5],"tags":[11796,26,27,37,33,35,34,36,31,32,21,28,29,8382,18115,1173,19,53772,25,23,24,22,325,20,30,6819],"class_list":["post-114102","post","type-post","status-publish","format-standard","has-post-thumbnail","category-uldised-uudised","tag-boston","tag-breaking-news","tag-breakingnews","tag-ee","tag-eesti","tag-eesti-keel","tag-estonia","tag-estonian","tag-featured-news","tag-featurednews","tag-headlines","tag-latest-news","tag-latestnews","tag-lumetorm","tag-new-jersey","tag-new-york","tag-news","tag-pilvelohkujad","tag-populaarseimad-lood","tag-top-stories","tag-topstories","tag-uldised-uudised","tag-usa","tag-uudised","tag-viimased-uudised","tag-wall-street"],"share_on_mastodon":{"url":"https:\/\/pubeurope.com\/@ee\/116119272345469642","error":""},"_links":{"self":[{"href":"https:\/\/www.europesays.com\/ee\/wp-json\/wp\/v2\/posts\/114102","targetHints":{"allow":["GET"]}}],"collection":[{"href":"https:\/\/www.europesays.com\/ee\/wp-json\/wp\/v2\/posts"}],"about":[{"href":"https:\/\/www.europesays.com\/ee\/wp-json\/wp\/v2\/types\/post"}],"author":[{"embeddable":true,"href":"https:\/\/www.europesays.com\/ee\/wp-json\/wp\/v2\/users\/2"}],"replies":[{"embeddable":true,"href":"https:\/\/www.europesays.com\/ee\/wp-json\/wp\/v2\/comments?post=114102"}],"version-history":[{"count":0,"href":"https:\/\/www.europesays.com\/ee\/wp-json\/wp\/v2\/posts\/114102\/revisions"}],"wp:featuredmedia":[{"embeddable":true,"href":"https:\/\/www.europesays.com\/ee\/wp-json\/wp\/v2\/media\/114103"}],"wp:attachment":[{"href":"https:\/\/www.europesays.com\/ee\/wp-json\/wp\/v2\/media?parent=114102"}],"wp:term":[{"taxonomy":"category","embeddable":true,"href":"https:\/\/www.europesays.com\/ee\/wp-json\/wp\/v2\/categories?post=114102"},{"taxonomy":"post_tag","embeddable":true,"href":"https:\/\/www.europesays.com\/ee\/wp-json\/wp\/v2\/tags?post=114102"}],"curies":[{"name":"wp","href":"https:\/\/api.w.org\/{rel}","templated":true}]}}