{"id":114128,"date":"2026-02-23T10:08:07","date_gmt":"2026-02-23T10:08:07","guid":{"rendered":"https:\/\/www.europesays.com\/ee\/114128\/"},"modified":"2026-02-23T10:08:07","modified_gmt":"2026-02-23T10:08:07","slug":"thomas-auvaart-hoiu-laenuuhistud-said-uued-reeglid-fookus-hoiustajate-kaitsel-tartu-postimees","status":"publish","type":"post","link":"https:\/\/www.europesays.com\/ee\/114128\/","title":{"rendered":"Thomas Auv\u00e4\u00e4rt: Hoiu-laenu\u00fchistud said uued reeglid \u2013 fookus hoiustajate kaitsel &#8211; Tartu Postimees"},"content":{"rendered":"<ol>\n<li><a href=\"https:\/\/news.google.com\/rss\/articles\/CBMisgFBVV95cUxOTjdvTE5kbnZMQzd0eEhTS05nZlBpSmVGT1hyX0s1QXM0TFhlbkpDYmR2TkI3YVVnRzZMVHowS3IxM0Rmc2FQQ21Oa3Q1blp4QXlmR0gxeWtuQ0k4X2Rya0l2cGt5RkNoMUEtTzlXZlJWUVdiUFFiT0JkbUFfNm5ON29IVHl0dnc5SWVCT3laQ0UzYUxQU2dDUTFrVjJka3pGSE9oWnpJSVdhNGhaTUhqYkpn?oc=5\" target=\"_blank\" rel=\"nofollow noopener\">Thomas Auv\u00e4\u00e4rt: Hoiu-laenu\u00fchistud said uued reeglid \u2013 fookus hoiustajate kaitsel<\/a>&nbsp;&nbsp;Tartu Postimees<\/li>\n<li><a href=\"https:\/\/news.google.com\/rss\/articles\/CBMilgFBVV95cUxQdFo0YUhCd0V4TGJqcnczaXowaEZFbDVBaDVhenhhU0N3emlUNkJuVlpTeXh3LTJQV3VCSXJwZHREVnhnT0xNTEliWWFUX0RHbEhZMlpjdVRqZEdBaE5tdFR4M3JUd1gwMFU1SmdBblVJS1BoRGVHNFBVcUFhZUJqYlhfUTMxWXpHT1dINjc0X2dEakMtQ3c?oc=5\" target=\"_blank\" rel=\"nofollow noopener\">Kohus l\u00fckkas Tartu hoiu-laenu\u00fchistu saneerimisavalduse tagasi<\/a>&nbsp;&nbsp;ERR<\/li>\n<li><a href=\"https:\/\/news.google.com\/rss\/articles\/CBMilgFBVV95cUxNc2dLdU4zSlZySGRCRnBEMUg5dlotdWo1X0diM21tY083N09tSzlMUm0yS09QYjd3cE8tLXYtYkxXdDlZYmhRZEx1alpLRVczb3lVQ19jN0xqX3h1NVBUVFBKaG1tdjFaM1o5NGZYbjdmTjBYbVowalNsQ19ncjZCT2lRb1AwSnNsTHhBaklOYl9ZYVd0ZHc?oc=5\" target=\"_blank\" rel=\"nofollow noopener\">Tartu HL\u00dc vajub p\u00f5hja, saneerimine ei ole v\u00f5imalik<\/a>&nbsp;&nbsp;\u00c4rip\u00e4ev<\/li>\n<li><a href=\"https:\/\/news.google.com\/rss\/articles\/CBMixgFBVV95cUxPamtiNWUwdG1OZGVwb1otR003azdnMjZBaDh3OGRJT05hcU1DYW5rei1QSDdJQzdQMTl6aXBlMDVEdW9VMGRXdVE5d0o0aXRJMjFZQlFHY05IdFA5ZU42TFJUckVCY2ZlOHlTSWpoT1AzN3pMYjl5OHFJLU1tOTdDazltczBGYlR3MDZpMEZncTd3dDNLNTNSVzRvSE4wcVhVcGJOcV95Y2pqXy1tNGUwM0hGWGFOR24yaFh5aDNvZTdCRGpZQ1E?oc=5\" target=\"_blank\" rel=\"nofollow noopener\">\u00abOlen vaeva n\u00e4inud, et raha korjata, ja n\u00fc\u00fcd v\u00f5etakse see k\u00e4est \u00e4ra!\u00bb Hoiustajad on murest murtud<\/a>&nbsp;&nbsp;Tartu Postimees<\/li>\n<li><a href=\"https:\/\/news.google.com\/rss\/articles\/CBMipgFBVV95cUxNSHVwUFgyMW9jUk4tRVNJZFoxckhtNDUxX1U3dy1GTy1YYmk1OGtFTUxnQm4yR3phdkJGdWFxbHBKcEhhMGUwZmFhZ2ZmbEM5MEJoWXM1X0hVRHk2RUxFWDUzWlo4M2c2anNMdC11ZjFaYjdlU3pfUVhxQlAtR0lOZXI4ZFhsTzlock0teFNJdWxxd1ZScF8yUEpNTW1SRjRpM01KZk1B?oc=5\" target=\"_blank\" rel=\"nofollow noopener\">Tartu hoiu-laenu\u00fchistul on t\u00f5en\u00e4oliselt ots peal, saneerimist ei tule<\/a>&nbsp;&nbsp;Tartu Postimees<\/li>\n<\/ol>\n","protected":false},"excerpt":{"rendered":"Thomas Auv\u00e4\u00e4rt: Hoiu-laenu\u00fchistud said uued reeglid \u2013 fookus hoiustajate kaitsel&nbsp;&nbsp;Tartu Postimees Kohus l\u00fckkas Tartu hoiu-laenu\u00fchistu saneerimisavalduse tagasi&nbsp;&nbsp;ERR Tartu&hellip;\n","protected":false},"author":2,"featured_media":114129,"comment_status":"","ping_status":"","sticky":false,"template":"","format":"standard","meta":{"footnotes":"","_share_on_mastodon":"0"},"categories":[12],"tags":[26,27,37,33,35,34,36,31,32,21,3717,28,29,19,25,53783,23,24,44234,22,20,30],"class_list":["post-114128","post","type-post","status-publish","format-standard","has-post-thumbnail","category-eesti","tag-breaking-news","tag-breakingnews","tag-ee","tag-eesti","tag-eesti-keel","tag-estonia","tag-estonian","tag-featured-news","tag-featurednews","tag-headlines","tag-hoiu-laenuuhistu","tag-latest-news","tag-latestnews","tag-news","tag-populaarseimad-lood","tag-tagatisfond","tag-top-stories","tag-topstories","tag-uhistupank","tag-uldised-uudised","tag-uudised","tag-viimased-uudised"],"share_on_mastodon":{"url":"https:\/\/pubeurope.com\/@ee\/116119398193343986","error":""},"_links":{"self":[{"href":"https:\/\/www.europesays.com\/ee\/wp-json\/wp\/v2\/posts\/114128","targetHints":{"allow":["GET"]}}],"collection":[{"href":"https:\/\/www.europesays.com\/ee\/wp-json\/wp\/v2\/posts"}],"about":[{"href":"https:\/\/www.europesays.com\/ee\/wp-json\/wp\/v2\/types\/post"}],"author":[{"embeddable":true,"href":"https:\/\/www.europesays.com\/ee\/wp-json\/wp\/v2\/users\/2"}],"replies":[{"embeddable":true,"href":"https:\/\/www.europesays.com\/ee\/wp-json\/wp\/v2\/comments?post=114128"}],"version-history":[{"count":0,"href":"https:\/\/www.europesays.com\/ee\/wp-json\/wp\/v2\/posts\/114128\/revisions"}],"wp:featuredmedia":[{"embeddable":true,"href":"https:\/\/www.europesays.com\/ee\/wp-json\/wp\/v2\/media\/114129"}],"wp:attachment":[{"href":"https:\/\/www.europesays.com\/ee\/wp-json\/wp\/v2\/media?parent=114128"}],"wp:term":[{"taxonomy":"category","embeddable":true,"href":"https:\/\/www.europesays.com\/ee\/wp-json\/wp\/v2\/categories?post=114128"},{"taxonomy":"post_tag","embeddable":true,"href":"https:\/\/www.europesays.com\/ee\/wp-json\/wp\/v2\/tags?post=114128"}],"curies":[{"name":"wp","href":"https:\/\/api.w.org\/{rel}","templated":true}]}}