{"id":114198,"date":"2026-02-23T11:26:18","date_gmt":"2026-02-23T11:26:18","guid":{"rendered":"https:\/\/www.europesays.com\/ee\/114198\/"},"modified":"2026-02-23T11:26:18","modified_gmt":"2026-02-23T11:26:18","slug":"olumpial-venelanna-eksimuse-tottu-parimate-suuskadeta-jaanud-sakslanna-konkurendi-disklahvist-vastasel-juhul-oleks-meil-metsik-laas","status":"publish","type":"post","link":"https:\/\/www.europesays.com\/ee\/114198\/","title":{"rendered":"Ol\u00fcmpial venelanna eksimuse t\u00f5ttu parimate suuskadeta j\u00e4\u00e4nud sakslanna konkurendi disklahvist: vastasel juhul oleks meil metsik l\u00e4\u00e4s"},"content":{"rendered":"<p>Maratoni ajal on v\u00f5istlejatel lubatud korra suuski vahendada, k\u00f5igil on selleks oma vahetusala. Kolme ringi j\u00e4rel otsustas seda teha ka Neprjajeva, kes ajas aga boksid sassi ning pani omale alla sakslanna Hennig Dotzleri suusad. Venelanna sai k\u00fcll v\u00f5istluse l\u00f5puni s\u00f5ita, aga seej\u00e4rel 11. positsioonil l\u00f5petanud suusataja diskvalifitseeriti. <\/p>\n<p>Hennig Dotzler, kes fini\u0161eeris maratonil \u00fcheksandana, sai boksis asemele uued suusad. Sakslanna s\u00f5nul l\u00e4ks parim suusapaar aga konkurendile.<\/p>\n<p>\u201eKui suuski vahetasin, sain aru, et need ei ole minu kiireimad suusad. V\u00f5ib-olla paremuselt kolmas-neljas paar,\u201c kommenteeris ta olukorda <a rel=\"noopener follow nofollow\" target=\"_blank\" href=\"https:\/\/www.iltalehti.fi\/milano-cortinan-olympialaiset-2026\/a\/ca77be89-2c94-4554-a1fb-a6c49505ac1b\" data-rel-date-range=\"[]\">Iltalehtile<\/a>. \u201eMe testisime nelja erinevat paari ja need v\u00f5isid olla k\u00f5ige aeglasemad.\u201c<\/p>\n<p>\u201eMa teadsin, et midagi juhtus, aga v\u00f5istluse ajal pead keskenduma oma s\u00f5idule, seega ma ei saanud juhtunu p\u00e4rast muretseda,\u201c j\u00e4tkas Hennig Dotzler, kes kaotas suusavahetuse j\u00e4rel veidi aega, sest t\u00fckk plastikut j\u00e4i varustuse alla kinni. \u201eSee lamas lumes ja s\u00f5itsin sellest \u00fcle. Pidin korraks peatuma, et see \u00e4ra v\u00f5tta ning siis hakkama teistega vahet tagasi s\u00f5itma.\u201c<\/p>\n<p>Neprjajeva disklahvi kohta s\u00f5nas Hennig Dotzler: \u201eSelline on reegel, vastasel juhul oleks meil metsik l\u00e4\u00e4s.\u201c<\/p>\n<p>Kuidas see lugu Sind end tundma pani? Saada <a href=\"https:\/\/sport.delfi.ee\/artikkel\/120438137\/olumpial-venelanna-eksimuse-tottu-ootamatult-suuskadeta-jaanud-sakslanna-konkurendi-disklahvist-vastasel-juhul-oleks-meil-metsik-laas\/kommentaarid\" class=\"article-body-bottom__comment article-body-bottom__comment--write button button--primary button--size-auto\" rel=\"nofollow noopener\" target=\"_blank\"> Kommenteeri <\/a><a href=\"https:\/\/sport.delfi.ee\/artikkel\/120438137\/olumpial-venelanna-eksimuse-tottu-ootamatult-suuskadeta-jaanud-sakslanna-konkurendi-disklahvist-vastasel-juhul-oleks-meil-metsik-laas\/kommentaarid\" class=\"article-body-bottom__comment article-body-bottom__comment--read button button--size-auto\" rel=\"nofollow noopener\" target=\"_blank\"> Loe kommentaare (10)<\/a><\/p>\n","protected":false},"excerpt":{"rendered":"Maratoni ajal on v\u00f5istlejatel lubatud korra suuski vahendada, k\u00f5igil on selleks oma vahetusala. Kolme ringi j\u00e4rel otsustas seda&hellip;\n","protected":false},"author":2,"featured_media":114199,"comment_status":"","ping_status":"","sticky":false,"template":"","format":"standard","meta":{"footnotes":"","_share_on_mastodon":"0"},"categories":[5],"tags":[26,27,22621,37,33,35,34,36,31,32,21,8571,8570,28,29,19,25,23,24,22,20,30],"class_list":["post-114198","post","type-post","status-publish","format-standard","has-post-thumbnail","category-uldised-uudised","tag-breaking-news","tag-breakingnews","tag-ebba-andersson","tag-ee","tag-eesti","tag-eesti-keel","tag-estonia","tag-estonian","tag-featured-news","tag-featurednews","tag-headlines","tag-kaidy-kaasiku","tag-keidy-kaasiku","tag-latest-news","tag-latestnews","tag-news","tag-populaarseimad-lood","tag-top-stories","tag-topstories","tag-uldised-uudised","tag-uudised","tag-viimased-uudised"],"share_on_mastodon":{"url":"https:\/\/pubeurope.com\/@ee\/116119705009767045","error":""},"_links":{"self":[{"href":"https:\/\/www.europesays.com\/ee\/wp-json\/wp\/v2\/posts\/114198","targetHints":{"allow":["GET"]}}],"collection":[{"href":"https:\/\/www.europesays.com\/ee\/wp-json\/wp\/v2\/posts"}],"about":[{"href":"https:\/\/www.europesays.com\/ee\/wp-json\/wp\/v2\/types\/post"}],"author":[{"embeddable":true,"href":"https:\/\/www.europesays.com\/ee\/wp-json\/wp\/v2\/users\/2"}],"replies":[{"embeddable":true,"href":"https:\/\/www.europesays.com\/ee\/wp-json\/wp\/v2\/comments?post=114198"}],"version-history":[{"count":0,"href":"https:\/\/www.europesays.com\/ee\/wp-json\/wp\/v2\/posts\/114198\/revisions"}],"wp:featuredmedia":[{"embeddable":true,"href":"https:\/\/www.europesays.com\/ee\/wp-json\/wp\/v2\/media\/114199"}],"wp:attachment":[{"href":"https:\/\/www.europesays.com\/ee\/wp-json\/wp\/v2\/media?parent=114198"}],"wp:term":[{"taxonomy":"category","embeddable":true,"href":"https:\/\/www.europesays.com\/ee\/wp-json\/wp\/v2\/categories?post=114198"},{"taxonomy":"post_tag","embeddable":true,"href":"https:\/\/www.europesays.com\/ee\/wp-json\/wp\/v2\/tags?post=114198"}],"curies":[{"name":"wp","href":"https:\/\/api.w.org\/{rel}","templated":true}]}}