{"id":114276,"date":"2026-02-23T12:54:09","date_gmt":"2026-02-23T12:54:09","guid":{"rendered":"https:\/\/www.europesays.com\/ee\/114276\/"},"modified":"2026-02-23T12:54:09","modified_gmt":"2026-02-23T12:54:09","slug":"viljandi-kulmaperiood-kestis-ule-poolesaja-paeva","status":"publish","type":"post","link":"https:\/\/www.europesays.com\/ee\/114276\/","title":{"rendered":"Viljandi k\u00fclmaperiood kestis \u00fcle poolesaja p\u00e4eva"},"content":{"rendered":"<p>Keskkonnaagentuuri kliimaosakonna juhtivspetsialist K\u00fclli Loodla \u00fctles, et viimati enne seda oli Viljandi ilmajaam \u00f5husooja m\u00f5\u00f5tnud 29. detsembri hommikul kella nelja ja seitsme vahel, kui maksimumn\u00e4it kerkis \u00fche p\u00fcgalani. Seej\u00e4rel hakkas minema k\u00fclmemaks ning tolle \u00f6\u00f6p\u00e4eva miinimumi ehk \u20134,3 kraadi fikseeris jaam \u00f5htul kella seitsme ja kaheksa vahel.<\/p>\n<p>Sealt edasi p\u00fcsis \u00f5hutemperatuur Viljandis pidevalt alla nullkraadi kuni 21. veebruari p\u00e4rastl\u00f5unani, mil kella 14 ja 16 vahel fikseeris ilmajaam maksimaalseks \u00f5hutemperatuuriks null kraadi. Nulli ette aga miinusm\u00e4rk ei k\u00e4i ja n\u00f5nda sai miinusperiood l\u00e4bi.<\/p>\n<p>Seega kui arvestada k\u00f5nealust ajavahemikku alates esimesest \u00abt\u00e4isk\u00fclmast\u00bb p\u00e4evast kuni viimase niisuguse p\u00e4eva l\u00f5puni, kestis miinusperiood 30. detsembrist 20. veebruarini ehk 53 p\u00e4eva.<\/p>\n<p>Rekordini nii pikk k\u00fclmaaeg siiski ei ulatu. Loodla andmetel kestis viimati veel kauem ehk 55 p\u00e4eva sulata periood Viljandis 2009. aasta 30. detsembrist 2010. aasta 22. veebruarini ja 69 p\u00e4eva k\u00fclma oli 1995. aasta 18. detsembrist 1996. aasta 24. veebruarini.<\/p>\n<p>Viljandi ja \u00fchtlasi kogu Eesti rekord on keskkonnaagentuuri andmeil aga 90 j\u00e4rjestikust miinusp\u00e4eva. N\u00f5nda pikk k\u00fclmaperiood v\u00e4ltas 1941. aasta 24. detsembrist 1942. aasta 23. m\u00e4rtsini. Nagu Loodla lisas, ei saa samas v\u00e4listada v\u00f5imalust, et s\u00f5ja ajal v\u00f5is m\u00f5\u00f5tmistes esineda ebat\u00e4psusi.<\/p>\n<p>L\u00f5ppeva talve k\u00fclmarekord nii Viljandis kui Eestis tervikuna m\u00f5\u00f5deti 1. veebruari hommikul. Viljandi ilmajaam fikseeris minimaalseks \u00f5hutemperatuuriks \u201323,7 kraadi ja J\u00f5geva kogu Eesti \u00e4\u00e4rmuseks \u201328,3 kraadi.<\/p>\n","protected":false},"excerpt":{"rendered":"Keskkonnaagentuuri kliimaosakonna juhtivspetsialist K\u00fclli Loodla \u00fctles, et viimati enne seda oli Viljandi ilmajaam \u00f5husooja m\u00f5\u00f5tnud 29. detsembri hommikul&hellip;\n","protected":false},"author":2,"featured_media":114277,"comment_status":"","ping_status":"","sticky":false,"template":"","format":"standard","meta":{"footnotes":"","_share_on_mastodon":"0"},"categories":[5],"tags":[26,27,37,33,35,34,36,31,32,21,668,22010,28,29,53845,19,25,2836,23,24,22,20,30],"class_list":["post-114276","post","type-post","status-publish","format-standard","has-post-thumbnail","category-uldised-uudised","tag-breaking-news","tag-breakingnews","tag-ee","tag-eesti","tag-eesti-keel","tag-estonia","tag-estonian","tag-featured-news","tag-featurednews","tag-headlines","tag-ilm","tag-kulm","tag-latest-news","tag-latestnews","tag-miinus","tag-news","tag-populaarseimad-lood","tag-talv","tag-top-stories","tag-topstories","tag-uldised-uudised","tag-uudised","tag-viimased-uudised"],"share_on_mastodon":{"url":"https:\/\/pubeurope.com\/@ee\/116120050879859742","error":""},"_links":{"self":[{"href":"https:\/\/www.europesays.com\/ee\/wp-json\/wp\/v2\/posts\/114276","targetHints":{"allow":["GET"]}}],"collection":[{"href":"https:\/\/www.europesays.com\/ee\/wp-json\/wp\/v2\/posts"}],"about":[{"href":"https:\/\/www.europesays.com\/ee\/wp-json\/wp\/v2\/types\/post"}],"author":[{"embeddable":true,"href":"https:\/\/www.europesays.com\/ee\/wp-json\/wp\/v2\/users\/2"}],"replies":[{"embeddable":true,"href":"https:\/\/www.europesays.com\/ee\/wp-json\/wp\/v2\/comments?post=114276"}],"version-history":[{"count":0,"href":"https:\/\/www.europesays.com\/ee\/wp-json\/wp\/v2\/posts\/114276\/revisions"}],"wp:featuredmedia":[{"embeddable":true,"href":"https:\/\/www.europesays.com\/ee\/wp-json\/wp\/v2\/media\/114277"}],"wp:attachment":[{"href":"https:\/\/www.europesays.com\/ee\/wp-json\/wp\/v2\/media?parent=114276"}],"wp:term":[{"taxonomy":"category","embeddable":true,"href":"https:\/\/www.europesays.com\/ee\/wp-json\/wp\/v2\/categories?post=114276"},{"taxonomy":"post_tag","embeddable":true,"href":"https:\/\/www.europesays.com\/ee\/wp-json\/wp\/v2\/tags?post=114276"}],"curies":[{"name":"wp","href":"https:\/\/api.w.org\/{rel}","templated":true}]}}