{"id":114334,"date":"2026-02-23T13:59:13","date_gmt":"2026-02-23T13:59:13","guid":{"rendered":"https:\/\/www.europesays.com\/ee\/114334\/"},"modified":"2026-02-23T13:59:13","modified_gmt":"2026-02-23T13:59:13","slug":"video-tallinna-keskkonna-ja-kommunaalameti-uus-juht-on-elari-udam","status":"publish","type":"post","link":"https:\/\/www.europesays.com\/ee\/114334\/","title":{"rendered":"VIDEO | Tallinna keskkonna- ja kommunaalameti uus juht on Elari Udam"},"content":{"rendered":"<p> Pressikonverentsil osalesid linnapea Peeter Raudsepp ning abilinnapead Tiit Terik ja Kristjan J\u00e4rvan. Teemad olid Paljassaare sadama detailplaneering ning keskkonna- ja kommunaalameti (keko) uue juhataja ametisse nimetamine.<\/p>\n<p>Keko juhataja valiti konkursi korras. Juhataja leidmiseks korraldatud konkursile laekus 65 sooviavaldust. Kandidaate hindas neljaliikmeline valikukomisjon, kuhu kuulus ka v\u00e4lisekspert. Konkursi tulemusel osutus ametile parimaks kandidaadiks keskkonna- ja kommunaalameti (keko) teenistuse juht Elari Udam. <\/p>\n<p>Uueks juhiks valiti senine keko rajamise ja korrashoiu teenistuse juht Elari Udam. Ta on omandanud k\u00f5rghariduse Tallinna Tehnika\u00fclikooli \u00e4rikorralduse \u00f5ppesuunal \u00f6konomisti erialal. Alates 2024. aasta septembrist on ta teenistuses Tallinna keskkonna- ja kommunaalametis, praegu rajamise ja korrashoiu teenistuse juhina, kus tema vastutusalaks on Tallinna avaliku ruumi objektide projekteerimise, ehitamise ja korrashoiu korraldamine. <\/p>\n<p>Elari Udamil on kogemus kinnisvara ja ehituse valdkonnas ning on osalenud kahe \u00e4ri\u00fchingu Uus Maa Kinnisvarahaldus ja Riigi Kinnisvara AS-i \u00fclesehitamises. Tippjuhina on ta tegutsenud Riigi Kinnisvara juhatuse liikmena, Pindi Kinnisvara tegevjuhina ning kohtute direktorina.<\/p>\n<p>Eelmine keko juht Jaan Tarmak astus ametist tagasi augustis. Ta oli ametikohal 2022. aasta detsembrist. <\/p>\n<p>Tarmak nentis suvel Delfile, et viimasel paaril kuul on keko saanud ametkonnana v\u00e4ga palju kriitikat. \u201eOsa sellest on eba\u00f5iglane v\u00f5i v\u00e4\u00e4r, osa aga p\u00f5hjendatud, sest hoolimata v\u00e4ga mahukast arendamisest pole me veel k\u00f5ike j\u00f5udnud korda teha. 20 aastaga kuhjunud probleemide lahendamine v\u00f5tab aega ja kriitika k\u00e4ib sinna juurde,\u201c arutles ta.<\/p>\n<p><a href=\"http:\/\/www.delfi.ee\/artikkel\/120395709\/tallinna-keskkonna-ja-kommunaalameti-juht-jaan-tarmak-paneb-ameti-maha-pere-selle-taga-on-poliitiline-surve#dalrel-in-article\" class=\"content-embedded-articles-single__embedded-article\" data-v-469265ed=\"\" rel=\"nofollow noopener\" target=\"_blank\"><\/p>\n<p> 07.08.2025 <\/p>\n<p> Tallinna keskkonna- ja kommunaalameti juht Jaan Tarmak paneb ameti maha. Pere: selle taga on poliitiline surve  (64) <\/p>\n<p><\/a><\/p>\n<p>Juulis hakkas keskkriminaalpolitsei uurima keko tegevust. Majandus- ja korruptsioonikuritegude ringkonnaprokuratuuri ringkonnaprokur\u00f6r Janno Reinkort s\u00f5nas, et kontrollitakse, kas keko v\u00e4lipinkide hankes v\u00f5idi rikkuda hankereegleid. Kellelegi kahtlustust esitatud ei ole, lisas Reinkort.<\/p>\n<p>Delfi <a rel=\"noopener follow nofollow\" target=\"_blank\" href=\"https:\/\/www.delfi.ee\/artikkel\/120387812\/vastuolu-seadusega-ja-konkurentsi-piiramine-pealinna-sisekontroll-leidis-pinkide-prugikastide-ja-kaimlate-hangetes-suuri-puudusi\" data-rel-date-range=\"[]\">kirjutas juuli alguses<\/a>, et Tallinna sisekontrol\u00f6r Kaur Siruli saatis toonasele linnapeale ja Tallinna keskkonna- ja kommunaalameti juhatajale Jaan Tarmakule memo keko riigihanke menetlustest. Juunis esitati sisekontrol\u00f6ri teenistusele kaks teadet seoses linnam\u00f6\u00f6bli soetamise ning v\u00e4lik\u00e4imlate rendi ja hoolduse riigihangetega. Kokku oli neli hankemenetlust.<\/p>\n<p>Sisekontroll leidis, et keko praktika riigihangete planeerimisel ja menetluste l\u00e4biviimisel on kohati k\u00fcsitav. Lisati, et keko peab seadma l\u00e4hiajal prioriteetse \u00fclesande riigihangete korralduse parandamiseks.<\/p>\n<p><a rel=\"noopener follow nofollow\" target=\"_blank\" href=\"https:\/\/www.delfi.ee\/artikkel\/120431095\/tallinn-oppis-pingihanke-kriminaalasjast-ja-vottis-keskkonnaametilt-riigihangete-korraldamise-oiguse\" data-rel-date-range=\"[]\">Jaanuaris kirjutas Delfi<\/a>, et uus linnavalitsus vabastas ameti hangete korraldamise kohustusest ja andis selle \u00fcle strateegiakeskuse hanketeenistusele.<\/p>\n<p>Kuidas see lugu Sind end tundma pani? Saada <a href=\"https:\/\/www.delfi.ee\/artikkel\/120438203\/otse-tallinna-keskkonna-ja-kommunaalameti-us-juht-on-elari-udam\/kommentaarid\" class=\"article-body-bottom__comment article-body-bottom__comment--write button button--primary button--size-auto\" rel=\"nofollow noopener\" target=\"_blank\"> Kommenteeri <\/a><a href=\"https:\/\/www.delfi.ee\/artikkel\/120438203\/otse-tallinna-keskkonna-ja-kommunaalameti-us-juht-on-elari-udam\/kommentaarid\" class=\"article-body-bottom__comment article-body-bottom__comment--read button button--size-auto\" rel=\"nofollow noopener\" target=\"_blank\"> Loe kommentaare (12)<\/a><\/p>\n","protected":false},"excerpt":{"rendered":"Pressikonverentsil osalesid linnapea Peeter Raudsepp ning abilinnapead Tiit Terik ja Kristjan J\u00e4rvan. Teemad olid Paljassaare sadama detailplaneering ning&hellip;\n","protected":false},"author":2,"featured_media":114335,"comment_status":"","ping_status":"","sticky":false,"template":"","format":"standard","meta":{"footnotes":"","_share_on_mastodon":"0"},"categories":[12],"tags":[26,27,37,33,35,34,36,31,32,21,581,28,29,19,33464,4130,25,11549,23,24,22,20,30],"class_list":["post-114334","post","type-post","status-publish","format-standard","has-post-thumbnail","category-eesti","tag-breaking-news","tag-breakingnews","tag-ee","tag-eesti","tag-eesti-keel","tag-estonia","tag-estonian","tag-featured-news","tag-featurednews","tag-headlines","tag-kristjan-jarvan","tag-latest-news","tag-latestnews","tag-news","tag-paljassaare","tag-peeter-raudsepp","tag-populaarseimad-lood","tag-tiit-terik","tag-top-stories","tag-topstories","tag-uldised-uudised","tag-uudised","tag-viimased-uudised"],"share_on_mastodon":{"url":"https:\/\/pubeurope.com\/@ee\/116120307166363989","error":""},"_links":{"self":[{"href":"https:\/\/www.europesays.com\/ee\/wp-json\/wp\/v2\/posts\/114334","targetHints":{"allow":["GET"]}}],"collection":[{"href":"https:\/\/www.europesays.com\/ee\/wp-json\/wp\/v2\/posts"}],"about":[{"href":"https:\/\/www.europesays.com\/ee\/wp-json\/wp\/v2\/types\/post"}],"author":[{"embeddable":true,"href":"https:\/\/www.europesays.com\/ee\/wp-json\/wp\/v2\/users\/2"}],"replies":[{"embeddable":true,"href":"https:\/\/www.europesays.com\/ee\/wp-json\/wp\/v2\/comments?post=114334"}],"version-history":[{"count":0,"href":"https:\/\/www.europesays.com\/ee\/wp-json\/wp\/v2\/posts\/114334\/revisions"}],"wp:featuredmedia":[{"embeddable":true,"href":"https:\/\/www.europesays.com\/ee\/wp-json\/wp\/v2\/media\/114335"}],"wp:attachment":[{"href":"https:\/\/www.europesays.com\/ee\/wp-json\/wp\/v2\/media?parent=114334"}],"wp:term":[{"taxonomy":"category","embeddable":true,"href":"https:\/\/www.europesays.com\/ee\/wp-json\/wp\/v2\/categories?post=114334"},{"taxonomy":"post_tag","embeddable":true,"href":"https:\/\/www.europesays.com\/ee\/wp-json\/wp\/v2\/tags?post=114334"}],"curies":[{"name":"wp","href":"https:\/\/api.w.org\/{rel}","templated":true}]}}