{"id":114398,"date":"2026-02-23T15:07:12","date_gmt":"2026-02-23T15:07:12","guid":{"rendered":"https:\/\/www.europesays.com\/ee\/114398\/"},"modified":"2026-02-23T15:07:12","modified_gmt":"2026-02-23T15:07:12","slug":"kas-naiste-50-kilomeetri-maraton-on-tiitlivoistluseks-liiga-pikk-distants-olumpiavoitja-see-on-taiesti-idiootne-voistlus","status":"publish","type":"post","link":"https:\/\/www.europesays.com\/ee\/114398\/","title":{"rendered":"Kas naiste 50 kilomeetri maraton on tiitliv\u00f5istluseks liiga pikk distants? Ol\u00fcmpiav\u00f5itja: see on t\u00e4iesti idiootne v\u00f5istlus"},"content":{"rendered":"<p>Rahvusvaheline suusaliit (<a rel=\"noopener nofollow\" target=\"_blank\" href=\"https:\/\/www.delfi.ee\/teema\/59830055\/fis\" tag-id=\"59830055\">FIS<\/a>) otsustas m\u00f5ni aasta tagasi v\u00f5rdsuse huvides, et tiitliv\u00f5istlustel s\u00f5idavad ka naised viimasel distantsil 30 kilomeetri asemel 50. Esimest korda juhtus see mullusel Trondheimi MM-il, mis iseenesest pakkus p\u00f5neva l\u00f5pplahenduse. Rootslanna <a rel=\"noopener nofollow\" target=\"_blank\" href=\"https:\/\/www.delfi.ee\/teema\/88229611\/frida-karlsson\" tag-id=\"88229611\">Frida Karlsson<\/a> triumfeeris v\u00e4hem kui kolme sekundiga norralannade Heidi Wengi ja Therese Johaugi ees, aga sealt edasi l\u00e4ksid vahed suuremaks. <\/p>\n<p>Kui esinelik mahtus veel 18,7 sekundi sisse, siis viiendana l\u00f5petanud Jonna Sundling kaotas kaasmaalasele enam kui nelja minuti ja kuuenda koha saanud norralanna Nora Sanness seitsme minutiga.<\/p>\n<p>P\u00fchap\u00e4eval s\u00f5itsid naised esimest korda ol\u00fcmpial sama pikka maad ning eile venisid Itaalias vahed juba kiirelt suureks. Ol\u00fcmpiav\u00f5itjaks tulnud rootslanna <a rel=\"noopener nofollow\" target=\"_blank\" href=\"https:\/\/www.delfi.ee\/teema\/89615431\/ebba-andersson\" tag-id=\"89615431\">Ebba Andersson<\/a> edestas norralannat Heidi Wengi kahe minuti ja 15 sekundiga. Pronksi v\u00f5itnud \u0161veitslanna Nadja K\u00e4lini kaotus oli juba 6.41. 41-st startinust j\u00f5udis fini\u0161isse 33.<\/p>\n<p>Eestlanna <a rel=\"noopener nofollow\" target=\"_blank\" href=\"https:\/\/www.delfi.ee\/teema\/95922033\/keidy-kaasiku\" tag-id=\"95922033\">Keidy Kaasiku<\/a> selja taga 14ndana l\u00f5petanud Karoline Simpson-Larsen (Norra) oli distantsi pikkuse osas \u00fcsna kriitiline. \u201eSee on t\u00e4iesti idiootne. Ma arvan, et 30 kilomeetrit on \u00fchisstardist s\u00f5iduks t\u00e4iesti piisav,\u201c lausus teates\u00f5idus ol\u00fcmpiakulla v\u00f5itnud norralanna v\u00e4ljaandele <a rel=\"noopener follow nofollow\" target=\"_blank\" href=\"https:\/\/www.vg.no\/sport\/i\/zO7dRv\/feller-knallhard-dom-over-femmila-idiotisk\" data-rel-date-range=\"[]\">VG<\/a>. \u201eVahed venivad v\u00e4ga suureks. Ma ei tea, kuidas oli seda k\u00f5rvalt vaadata, aga ma ei kujuta ette, et 50 kilomeetrit saab olla p\u00f5nevam kui 30 kilomeetrit.\u201c<\/p>\n<p>Kaasmaalasega n\u00f5ustus h\u00f5bemedalist Weng. \u201eSee distants ei paku \u00fcldse elevust, see on lihtsalt jama,\u201c lausus ta. \u201eMa arvan, et see on liiga pikk distants ja vahed sportlaste vahel venivad liiga suureks.\u201c<\/p>\n<p>Itaalia murdmaasuusakoondise peatreener Markus Cramer \u00fctles otse, et k\u00f5nealune distants h\u00e4vitab sporti. Tema s\u00f5nul on nad valmistamas FIS-i jaoks ettepanekut v\u00f5istluse pikkuse muutmiseks.<\/p>\n<p>\u201eMa austan sportlasi v\u00e4ga, aga see peab kiirelt muutuma. Pole mingit m\u00f5tet lasta naistel 50 kilomeetrit s\u00f5ita. Neli aastat tagasi tehti vale otsus,\u201c vahendas <a rel=\"noopener follow nofollow\" target=\"_blank\" href=\"https:\/\/www.mtvuutiset.fi\/artikkeli\/kova-poru-maastohiihdon-kulisseissa-taman-ei-haluta-enaa-toistuvan-se-tuhoaa-tata-lajia\/9300788\" data-rel-date-range=\"[]\">MTV Uutiset<\/a> tema s\u00f5nu.<\/p>\n<p>Simpson-Larsen lisas, et Norra peaks Itaalia ettepanekut toetama. Sama vihjas ka Saksamaa murdmaasuusatamise juht Peter Schlikenrieder. \u201eSel v\u00f5istlusel oli k\u00f5ige v\u00e4hem pealtvaatajaid, siit saate oma vastuse,\u201c m\u00e4rkis sakslane.<\/p>\n<p>MTV m\u00e4rgib, et sama teema on suusaringkondades \u00fcleval olnud pikalt. FIS-i v\u00f5istlusdirektor Michel Lamplot jaanuaris olukorda kommenteerides muutuseks p\u00f5hjust ei n\u00e4inud. \u201eMeil olid alles m\u00f5ned aastad tagasi arutelud v\u00f5rdsete distantside osas, seega ma ei n\u00e4e p\u00f5hjust n\u00fc\u00fcd selle muutmiseks,\u201c lausus ta kuu aega tagasi.<\/p>\n<p>Kuidas see lugu Sind end tundma pani? Saada <a href=\"https:\/\/sport.delfi.ee\/artikkel\/120438225\/kas-naiste-50-kilomeetri-maraton-on-tiitlivoistluseks-liiga-pikk-distants-olumpiavoitja-see-on-taiesti-idiootne-voistlus\/kommentaarid\" class=\"article-body-bottom__comment article-body-bottom__comment--write button button--primary button--size-auto\" rel=\"nofollow noopener\" target=\"_blank\"> Kommenteeri <\/a><a href=\"https:\/\/sport.delfi.ee\/artikkel\/120438225\/kas-naiste-50-kilomeetri-maraton-on-tiitlivoistluseks-liiga-pikk-distants-olumpiavoitja-see-on-taiesti-idiootne-voistlus\/kommentaarid\" class=\"article-body-bottom__comment article-body-bottom__comment--read button button--size-auto\" rel=\"nofollow noopener\" target=\"_blank\"> Loe kommentaare (66)<\/a><\/p>\n","protected":false},"excerpt":{"rendered":"Rahvusvaheline suusaliit (FIS) otsustas m\u00f5ni aasta tagasi v\u00f5rdsuse huvides, et tiitliv\u00f5istlustel s\u00f5idavad ka naised viimasel distantsil 30 kilomeetri&hellip;\n","protected":false},"author":2,"featured_media":114399,"comment_status":"","ping_status":"","sticky":false,"template":"","format":"standard","meta":{"footnotes":"","_share_on_mastodon":"0"},"categories":[5],"tags":[26,27,22621,37,33,35,34,36,31,32,3710,8741,21,8570,28,29,19,25,23,24,22,20,30],"class_list":["post-114398","post","type-post","status-publish","format-standard","has-post-thumbnail","category-uldised-uudised","tag-breaking-news","tag-breakingnews","tag-ebba-andersson","tag-ee","tag-eesti","tag-eesti-keel","tag-estonia","tag-estonian","tag-featured-news","tag-featurednews","tag-fis","tag-frida-karlsson","tag-headlines","tag-keidy-kaasiku","tag-latest-news","tag-latestnews","tag-news","tag-populaarseimad-lood","tag-top-stories","tag-topstories","tag-uldised-uudised","tag-uudised","tag-viimased-uudised"],"share_on_mastodon":{"url":"https:\/\/pubeurope.com\/@ee\/116120573897528276","error":""},"_links":{"self":[{"href":"https:\/\/www.europesays.com\/ee\/wp-json\/wp\/v2\/posts\/114398","targetHints":{"allow":["GET"]}}],"collection":[{"href":"https:\/\/www.europesays.com\/ee\/wp-json\/wp\/v2\/posts"}],"about":[{"href":"https:\/\/www.europesays.com\/ee\/wp-json\/wp\/v2\/types\/post"}],"author":[{"embeddable":true,"href":"https:\/\/www.europesays.com\/ee\/wp-json\/wp\/v2\/users\/2"}],"replies":[{"embeddable":true,"href":"https:\/\/www.europesays.com\/ee\/wp-json\/wp\/v2\/comments?post=114398"}],"version-history":[{"count":0,"href":"https:\/\/www.europesays.com\/ee\/wp-json\/wp\/v2\/posts\/114398\/revisions"}],"wp:featuredmedia":[{"embeddable":true,"href":"https:\/\/www.europesays.com\/ee\/wp-json\/wp\/v2\/media\/114399"}],"wp:attachment":[{"href":"https:\/\/www.europesays.com\/ee\/wp-json\/wp\/v2\/media?parent=114398"}],"wp:term":[{"taxonomy":"category","embeddable":true,"href":"https:\/\/www.europesays.com\/ee\/wp-json\/wp\/v2\/categories?post=114398"},{"taxonomy":"post_tag","embeddable":true,"href":"https:\/\/www.europesays.com\/ee\/wp-json\/wp\/v2\/tags?post=114398"}],"curies":[{"name":"wp","href":"https:\/\/api.w.org\/{rel}","templated":true}]}}