{"id":114425,"date":"2026-02-23T15:39:36","date_gmt":"2026-02-23T15:39:36","guid":{"rendered":"https:\/\/www.europesays.com\/ee\/114425\/"},"modified":"2026-02-23T15:39:36","modified_gmt":"2026-02-23T15:39:36","slug":"juhtkiri-%e2%9f%a9-sunnipaeva-ootuses-2","status":"publish","type":"post","link":"https:\/\/www.europesays.com\/ee\/114425\/","title":{"rendered":"JUHTKIRI \u27e9 S\u00fcnnip\u00e4eva ootuses"},"content":{"rendered":"<p class=\"MsoNormal\">Ehkki Eesti Vabariigi aastap\u00e4ev on alles j\u00e4rgmisel n\u00e4dalal, valmistub m\u00f5nigi meist selleks juba aegsasti.<\/p>\n<p class=\"MsoNormal\">Toidupoes teevad k\u00fclastajad tavalisest sagedamini asja kalaleti v\u00f5i kalatoodete riiuli juurde, et osta kilu v\u00f5i m\u00f5nd meelep\u00e4rasemat kala. V\u00f5i siis v\u00e4hemasti vaadata, kas seda ikka jagub.<\/p>\n<p class=\"MsoNormal\">Eriti t\u00e4htis on vabariigi aastap\u00e4ev aga m\u00e4rke ja medaleid valmistava Sporrongi jaoks \u2013 selle ettev\u00f5tte toodang on ka riikliku t\u00e4htsusega aurahad, millega teenekaid inimesi Eesti s\u00fcnnip\u00e4eva eel tunnustatakse. Kuidas metallist medal valmib, saate lugeda t\u00e4nasest Saarte H\u00e4\u00e4lest.<\/p>\n<p class=\"MsoNormal\">Meie Saare maakonna elanikena v\u00f5ime olla ainult uhked, et meil siin piirkonnas on selline ainulaadne t\u00f6\u00f6stusharu.<\/p>\n<p class=\"MsoNormal\">Kuressaares kannavad riigi s\u00fcnnip\u00e4eva puhul sinimustvalget m\u00fctsi ja\/v\u00f5i salli nii raekoja ees lebavad kivist l\u00f5vid, Gotlandi lammas Aavikute muuseumi naabruses, meie ol\u00fcmpiav\u00f5itja Voldemar V\u00e4li skulptuur spordihoone ees, muusikakooli hoovis asuv Peeter S\u00fcda monument, linna puhkealal kalasaaki tassivad Piret ja T\u00f5ll, kirjanik Albert Uustulndi kuju kui ka p\u00e4ikeseratast pea kohal hoidev Kaali mees Koondise t\u00e4naval.<\/p>\n<p class=\"MsoNormal\">Saarte H\u00e4\u00e4le toimetus soovib oma lugejatele ilusat vabariigi aastap\u00e4eva!<\/p>\n","protected":false},"excerpt":{"rendered":"Ehkki Eesti Vabariigi aastap\u00e4ev on alles j\u00e4rgmisel n\u00e4dalal, valmistub m\u00f5nigi meist selleks juba aegsasti. Toidupoes teevad k\u00fclastajad tavalisest&hellip;\n","protected":false},"author":2,"featured_media":114426,"comment_status":"","ping_status":"","sticky":false,"template":"","format":"standard","meta":{"footnotes":"","_share_on_mastodon":"0"},"categories":[12],"tags":[26,27,37,33,35,41212,34,36,31,32,21,53894,456,28,29,16949,1515,19,25,53893,23,24,22,20,30],"class_list":["post-114425","post","type-post","status-publish","format-standard","has-post-thumbnail","category-eesti","tag-breaking-news","tag-breakingnews","tag-ee","tag-eesti","tag-eesti-keel","tag-eesti-vabariigi-aastapaev","tag-estonia","tag-estonian","tag-featured-news","tag-featurednews","tag-headlines","tag-kalatooteid","tag-kuressaare","tag-latest-news","tag-latestnews","tag-malestusmark","tag-medal","tag-news","tag-populaarseimad-lood","tag-sporrongi","tag-top-stories","tag-topstories","tag-uldised-uudised","tag-uudised","tag-viimased-uudised"],"share_on_mastodon":{"url":"https:\/\/pubeurope.com\/@ee\/116120699798900946","error":""},"_links":{"self":[{"href":"https:\/\/www.europesays.com\/ee\/wp-json\/wp\/v2\/posts\/114425","targetHints":{"allow":["GET"]}}],"collection":[{"href":"https:\/\/www.europesays.com\/ee\/wp-json\/wp\/v2\/posts"}],"about":[{"href":"https:\/\/www.europesays.com\/ee\/wp-json\/wp\/v2\/types\/post"}],"author":[{"embeddable":true,"href":"https:\/\/www.europesays.com\/ee\/wp-json\/wp\/v2\/users\/2"}],"replies":[{"embeddable":true,"href":"https:\/\/www.europesays.com\/ee\/wp-json\/wp\/v2\/comments?post=114425"}],"version-history":[{"count":0,"href":"https:\/\/www.europesays.com\/ee\/wp-json\/wp\/v2\/posts\/114425\/revisions"}],"wp:featuredmedia":[{"embeddable":true,"href":"https:\/\/www.europesays.com\/ee\/wp-json\/wp\/v2\/media\/114426"}],"wp:attachment":[{"href":"https:\/\/www.europesays.com\/ee\/wp-json\/wp\/v2\/media?parent=114425"}],"wp:term":[{"taxonomy":"category","embeddable":true,"href":"https:\/\/www.europesays.com\/ee\/wp-json\/wp\/v2\/categories?post=114425"},{"taxonomy":"post_tag","embeddable":true,"href":"https:\/\/www.europesays.com\/ee\/wp-json\/wp\/v2\/tags?post=114425"}],"curies":[{"name":"wp","href":"https:\/\/api.w.org\/{rel}","templated":true}]}}