{"id":114457,"date":"2026-02-23T16:20:08","date_gmt":"2026-02-23T16:20:08","guid":{"rendered":"https:\/\/www.europesays.com\/ee\/114457\/"},"modified":"2026-02-23T16:20:08","modified_gmt":"2026-02-23T16:20:08","slug":"u19-neidude-koondis-soidab-em-valikturniirile-kolmel-korral-a-koondist-esindanud-rundajaga-soccernet-ee","status":"publish","type":"post","link":"https:\/\/www.europesays.com\/ee\/114457\/","title":{"rendered":"U19 neidude koondis s\u00f5idab EM-valikturniirile kolmel korral A-koondist esindanud r\u00fcndajaga &#8211; Soccernet.ee"},"content":{"rendered":"<p><img decoding=\"async\" src=\"https:\/\/www.europesays.com\/ee\/wp-content\/uploads\/2026\/02\/1726520471.jpg\" alt=\"An\u017eelika Jotkina. Foto: Liisi Troska \/ jalgpall.ee\"\/>&#13;\n<\/p>\n<p>Eesti neidude U19 koondis v\u00f5istleb 27. veebruarist 5. m\u00e4rtsini San Marinos toimuvas EM-valikturniiri teises ringis. Peatreener Reivo Vinter kutsus koondisesse 20 m\u00e4ngijat \u00fcheksast erinevast klubist.<\/p>\n<p>Eesti v\u00f5istleb \u00fches alagrupis Sloveenia, K\u00fcprose ja San Marinoga. Koondis koguneb teisip\u00e4eval, 24. veebruaril, mil koondislasi ootab ees \u00fchine treening. Teekonda San Marinosse alustatakse p\u00e4ev hiljem. Esimene valikturniiri kohtumine peetakse reedel, 27. veebruaril Eesti aja j\u00e4rgi 12.00 v\u00f5\u00f5rustajariigi eakaaslaste vastu. Kohtumine K\u00fcprosega ootab ees 2. m\u00e4rtsil kell 12 ning Sloveeniaga minnakse vastamisi 5. m\u00e4rtsil algusega kell 12.00, teatas <a href=\"https:\/\/jalgpall.ee\/koondis\/8\/uudised\/eesti-neidude-u19-koondist-ootab-ees-em-valikturniir-san-marinos-n25684\" rel=\"nofollow noopener\" target=\"_blank\">jalgpall.ee<\/a>.&#13;\n<\/p>\n<p>K\u00f5ige enam m\u00e4ngijaid liitub koondisega Tallinna Florast (6), kolme m\u00e4ngijaga panustavad Saku Sporting ja P\u00e4rnu Poseidon. Viimsi JK-st ja Paide Linnanaiskonnast s\u00f5idab koondisega kaasa kaks m\u00e4ngijat, Harju Laagrist ja Tartu Tammekast \u00fcks m\u00e4ngija. V\u00e4lismaalt liituvad neidude koondisega Isabella-Sofia Scotti (CF Fenix Moncada) ja An\u017eelika Jotkina (FC Basel), kes on kolmel korral esindanud ka naiste koondist.\u00a0&#13;\n<\/p>\n<p>&#8220;Me ei tahtnud noortekoondist j\u00e4tta sellisesse seisu, et paljud p\u00f5him\u00e4ngijad on puudu,&#8221; kommenteeris naiste koondise peatreener Aleksandra \u0160evoldajeva Jotkina puudumist A-koondisest Soccernet.ee-le. &#8220;An\u017eelikal on hooaja ettevalmistus olnud keerulisem. Ta oli mitu n\u00e4dalat haige, mist\u00f5ttu j\u00e4i tal see ettevalmistus l\u00fcnklikuks,&#8221; r\u00e4\u00e4kis \u0160evoldajeva 18-aastasest r\u00fcndajast.\u00a0<\/p>\n<p>Eesootavatest vastastest on K\u00fcprosega selles vanuseklassis kohtutud B-liigas nii mullu kevadel kui ka 2024. aasta s\u00fcgisel \u2013 m\u00f5lemast m\u00e4ngust v\u00e4ljus Eesti v\u00f5itjana. Sloveeniaga mindi vastamisi viimati 2019. aastal, mil vastane teenis kindla v\u00f5idu, San Marinoga ei ole Eesti selles vanuseklassis varem kohtunud.&#13;\n<\/p>\n<p>B-liigas on v\u00f5istlustules 24 koondist, kes v\u00f5istlevad EM-valikturniiri uueks hooajaks A-liigasse t\u00f5usmise nimel. Astme v\u00f5rra k\u00f5rgemale t\u00f5usevad k\u00f5ik alagrupiv\u00f5itjad ning parim teise koha teeninud v\u00f5istkond. M\u00e4ngude otsepildi v\u00f5imalus on selgumisel ning jalgpalliliit avalikustab sellekohase info esimesel v\u00f5imalusel.\u00a0&#13;\n<\/p>\n<p>Eesti neidude U19 koondise koosseis EM-valikturniiril:&#13;\n<\/p>\n<p>V\u00e4ravavahid<br \/>&#13;<br \/>\nMelani Lisandra K\u00f5rran (06.07.2007) \u2013 Saku Sporting<br \/>&#13;<br \/>\nMerit Lelov (02.08.2008) \u2013 P\u00e4rnu JK Poseidon&#13;\n<\/p>\n<p>Kaitsjad<br \/>&#13;<br \/>\nAnni Iiris Ilisson (14.02.2007) \u2013 Paide Linnanaiskond<br \/>&#13;<br \/>\nIsabella-Sofia Scotti (22.04.2008) \u2013 CF Fenix Moncada (ESP)<br \/>&#13;<br \/>\nLiis Getter Saar (10.01.2007) \u2013 Viimsi JK<br \/>&#13;<br \/>\nAlesja Kiuru (01.08.2008) \u2013 Tallinna FC Flora<br \/>&#13;<br \/>\nGrete Gross (26.01.2008) \u2013 Saku Sporting<br \/>&#13;<br \/>\nDajana Smirnova (21.03.2007) \u2013 Tallinna FC Flora<br \/>&#13;<br \/>\nRanele Valk (28.07.2007) \u2013 Viimsi JK<br \/>&#13;<br \/>\nMirell Raaga (12.05.2008) \u2013 P\u00e4rnu JK Poseidon&#13;\n<\/p>\n<p>Poolkaitsjad ja r\u00fcndajad<br \/>&#13;<br \/>\nKarmen Vapper (16.08.2007) \u2013 Tallinna FC Flora<br \/>&#13;<br \/>\nHanna Haavistu (05.12.2008) \u2013 Tallinna FC Flora<br \/>&#13;<br \/>\nPilleriin Pohlak (09.08.2007) \u2013 Tallinna FC Flora<br \/>&#13;<br \/>\nNicole Kelli (26.05.2008) \u2013 Paide Linnanaiskond<br \/>&#13;<br \/>\nReti Marleen R\u00e4nk (02.08.2008) \u2013 Saku Sporting<br \/>&#13;<br \/>\nDarina Kudjavnina (25.08.2008) \u2013 Tallinna FC Flora<br \/>&#13;<br \/>\nAnna-Liisa Heide (07.08.2008) \u2013 Harju JK Laagri<br \/>&#13;<br \/>\nAn\u017eelika Jotkina (10.09.2007) \u2013 FC Basel (SUI)<br \/>&#13;<br \/>\nRebeka Nora J\u00fcrgens (17.03.2007) \u2013 P\u00e4rnu JK Poseidon<br \/>&#13;<br \/>\nRianna V\u00e4\u00e4rsi (23.05.2009) \u2013 Tartu JK Tammeka&#13;\n<\/p>\n<p>Peatreener: Reivo Vinter<\/p>\n","protected":false},"excerpt":{"rendered":"&#13; Eesti neidude U19 koondis v\u00f5istleb 27. veebruarist 5. m\u00e4rtsini San Marinos toimuvas EM-valikturniiri teises ringis. Peatreener Reivo&hellip;\n","protected":false},"author":2,"featured_media":114458,"comment_status":"","ping_status":"","sticky":false,"template":"","format":"standard","meta":{"footnotes":"","_share_on_mastodon":"0"},"categories":[18],"tags":[37,33,35,8651,34,36,3556,5163,159,158,10764],"class_list":["post-114457","post","type-post","status-publish","format-standard","has-post-thumbnail","category-sport","tag-ee","tag-eesti","tag-eesti-keel","tag-em-valikturniir","tag-estonia","tag-estonian","tag-neidude-koondis","tag-neidude-u19-koondis","tag-sport","tag-sports","tag-u19"],"share_on_mastodon":{"url":"https:\/\/pubeurope.com\/@ee\/116120860933675673","error":""},"_links":{"self":[{"href":"https:\/\/www.europesays.com\/ee\/wp-json\/wp\/v2\/posts\/114457","targetHints":{"allow":["GET"]}}],"collection":[{"href":"https:\/\/www.europesays.com\/ee\/wp-json\/wp\/v2\/posts"}],"about":[{"href":"https:\/\/www.europesays.com\/ee\/wp-json\/wp\/v2\/types\/post"}],"author":[{"embeddable":true,"href":"https:\/\/www.europesays.com\/ee\/wp-json\/wp\/v2\/users\/2"}],"replies":[{"embeddable":true,"href":"https:\/\/www.europesays.com\/ee\/wp-json\/wp\/v2\/comments?post=114457"}],"version-history":[{"count":0,"href":"https:\/\/www.europesays.com\/ee\/wp-json\/wp\/v2\/posts\/114457\/revisions"}],"wp:featuredmedia":[{"embeddable":true,"href":"https:\/\/www.europesays.com\/ee\/wp-json\/wp\/v2\/media\/114458"}],"wp:attachment":[{"href":"https:\/\/www.europesays.com\/ee\/wp-json\/wp\/v2\/media?parent=114457"}],"wp:term":[{"taxonomy":"category","embeddable":true,"href":"https:\/\/www.europesays.com\/ee\/wp-json\/wp\/v2\/categories?post=114457"},{"taxonomy":"post_tag","embeddable":true,"href":"https:\/\/www.europesays.com\/ee\/wp-json\/wp\/v2\/tags?post=114457"}],"curies":[{"name":"wp","href":"https:\/\/api.w.org\/{rel}","templated":true}]}}