{"id":114476,"date":"2026-02-23T17:03:06","date_gmt":"2026-02-23T17:03:06","guid":{"rendered":"https:\/\/www.europesays.com\/ee\/114476\/"},"modified":"2026-02-23T17:03:06","modified_gmt":"2026-02-23T17:03:06","slug":"otsefotod-saarane-mulk-joudis-kinolinale-vaata-kes-vaisavad-kodumaise-komoodiafilmi-esilinastust","status":"publish","type":"post","link":"https:\/\/www.europesays.com\/ee\/114476\/","title":{"rendered":"OTSEFOTOD | \u201eS\u00e4\u00e4rane mulk\u201c j\u00f5udis kinolinale! Vaata, kes v\u00e4isavad kodumaise kom\u00f6\u00f6diafilmi esilinastust"},"content":{"rendered":"<p>Filmi \u201eVigased pruudid\u201c tegijate uus kodumaine kom\u00f6\u00f6diafilm \u201eS\u00e4\u00e4rane mulk\u201c p\u00f5hineb Eesti kirjandusloo esimesel algup\u00e4rasel n\u00e4idendil. Stsenarist Ott Kilusk on kohandanud lustaka seikluse kinolinale, tuues loo keskmesse tegelasena ka autori, <a rel=\"noopener nofollow\" target=\"_blank\" href=\"https:\/\/www.delfi.ee\/teema\/56499130\/lydia-koidula\" tag-id=\"56499130\">Lydia Koidula<\/a> enese.<\/p>\n<p>Noor Lydia, kes on ootamatult saanud kaks armuavaldust kahelt erinevalt noormehelt, s\u00f5idab maale heade s\u00f5prade juurde oma s\u00fcdames korda looma. Loodetud rahu asemel satub ta aga kirglike s\u00fcndmuste keerisesse. K\u00fcla kauneim neiu Maie seisab just nagu temagi, kahe kosilase \u2013 ausa mulgi M\u00e4rdi ja valeliku Ennu \u2013 vahel. S\u00fcda kisub v\u00e4gisi M\u00e4rdi poole, aga kasuahne isa Peeter keeldub M\u00e4rti vana vihavaenu p\u00e4rast mulkide vastu tunnistamast. Naljakad juhtumused ja romantilised armuintriigid segunevad v\u00f5itlusega maade ja varade p\u00e4rast. Nii p\u00f5imuvad Koidula hingev\u00e4rinad ja k\u00fcla armum\u00e4ngud \u00fchte v\u00e4rvikasse loosse.<\/p>\n<p>Oled juba tellija?Logi sisse<\/p>\n<p><a href=\"https:\/\/kroonika.delfi.ee\/artikkel\/120438291\/otsefotod-saarane-mulk-jouab-kinolinale-vaata-kes-vaisavad-kodumaise-komoodiafilmi-esilinastust\/kommentaarid\" class=\"article-body-bottom__comment article-body-bottom__comment--write button button--primary button--size-auto\" rel=\"nofollow noopener\" target=\"_blank\"> Kommenteeri <\/a><a href=\"https:\/\/kroonika.delfi.ee\/artikkel\/120438291\/otsefotod-saarane-mulk-jouab-kinolinale-vaata-kes-vaisavad-kodumaise-komoodiafilmi-esilinastust\/kommentaarid\" class=\"article-body-bottom__comment article-body-bottom__comment--read button button--size-auto\" rel=\"nofollow noopener\" target=\"_blank\"> Loe kommentaare <\/a><\/p>\n","protected":false},"excerpt":{"rendered":"Filmi \u201eVigased pruudid\u201c tegijate uus kodumaine kom\u00f6\u00f6diafilm \u201eS\u00e4\u00e4rane mulk\u201c p\u00f5hineb Eesti kirjandusloo esimesel algup\u00e4rasel n\u00e4idendil. Stsenarist Ott Kilusk&hellip;\n","protected":false},"author":2,"featured_media":114477,"comment_status":"","ping_status":"","sticky":false,"template":"","format":"standard","meta":{"footnotes":"","_share_on_mastodon":"0"},"categories":[16],"tags":[11730,17072,37,33,35,173,11072,34,36,7691,53696,4030,18265,140,20235,53697,53904],"class_list":["post-114476","post","type-post","status-publish","format-standard","has-post-thumbnail","category-meelelahutus","tag-ago-anderson","tag-armin-karu","tag-ee","tag-eesti","tag-eesti-keel","tag-entertainment","tag-ergo-kuld","tag-estonia","tag-estonian","tag-jan-uuspold","tag-kristian-taska","tag-lydia-koidula","tag-mart-koik","tag-meelelahutus","tag-paaru-oja","tag-taska-film","tag-tiit-kikas"],"share_on_mastodon":{"url":"https:\/\/pubeurope.com\/@ee\/116121030064036693","error":""},"_links":{"self":[{"href":"https:\/\/www.europesays.com\/ee\/wp-json\/wp\/v2\/posts\/114476","targetHints":{"allow":["GET"]}}],"collection":[{"href":"https:\/\/www.europesays.com\/ee\/wp-json\/wp\/v2\/posts"}],"about":[{"href":"https:\/\/www.europesays.com\/ee\/wp-json\/wp\/v2\/types\/post"}],"author":[{"embeddable":true,"href":"https:\/\/www.europesays.com\/ee\/wp-json\/wp\/v2\/users\/2"}],"replies":[{"embeddable":true,"href":"https:\/\/www.europesays.com\/ee\/wp-json\/wp\/v2\/comments?post=114476"}],"version-history":[{"count":0,"href":"https:\/\/www.europesays.com\/ee\/wp-json\/wp\/v2\/posts\/114476\/revisions"}],"wp:featuredmedia":[{"embeddable":true,"href":"https:\/\/www.europesays.com\/ee\/wp-json\/wp\/v2\/media\/114477"}],"wp:attachment":[{"href":"https:\/\/www.europesays.com\/ee\/wp-json\/wp\/v2\/media?parent=114476"}],"wp:term":[{"taxonomy":"category","embeddable":true,"href":"https:\/\/www.europesays.com\/ee\/wp-json\/wp\/v2\/categories?post=114476"},{"taxonomy":"post_tag","embeddable":true,"href":"https:\/\/www.europesays.com\/ee\/wp-json\/wp\/v2\/tags?post=114476"}],"curies":[{"name":"wp","href":"https:\/\/api.w.org\/{rel}","templated":true}]}}