{"id":114564,"date":"2026-02-23T20:24:09","date_gmt":"2026-02-23T20:24:09","guid":{"rendered":"https:\/\/www.europesays.com\/ee\/114564\/"},"modified":"2026-02-23T20:24:09","modified_gmt":"2026-02-23T20:24:09","slug":"euroopa-parlament-pani-parast-trumpi-viimaseid-tariife-usa-kaubanduslepingu-ootele","status":"publish","type":"post","link":"https:\/\/www.europesays.com\/ee\/114564\/","title":{"rendered":"Euroopa Parlament pani p\u00e4rast Trumpi viimaseid tariife USA kaubanduslepingu ootele"},"content":{"rendered":"<p>Homme toimuma pidanud h\u00e4\u00e4letus l\u00fckatakse edasi, Euroopa ametnikud on seisukohal, et enne <a rel=\"noopener nofollow\" target=\"_blank\" href=\"https:\/\/www.delfi.ee\/teema\/22971743\/usa\" tag-id=\"22971743\">USA<\/a> ja ELi kaubanduslepingu edasiliikumist on vaja t\u00e4iendavat selgust.<\/p>\n<p>Politico andmetel toodi p\u00f5hjuseks, et president Donald <a rel=\"noopener nofollow\" target=\"_blank\" href=\"https:\/\/www.delfi.ee\/teema\/96868374\/trump\" tag-id=\"96868374\">Trumpi<\/a> uus tariifipoliitika rikub mullu juulis \u0160otimaal Turnberrys s\u00f5lmitud kaubanduslepet.  <\/p>\n<p>USA \u00fclemkohus t\u00fchistas reedel peamised tariifid, millele lepe tugines, kuid Trump teatas laup\u00e4eval uute 15-protsendiliste tariifide kehtestamisest k\u00f5igile importtoodetele, vahendab CNBC. <\/p>\n<p>See tekitas ELis Politico andmetel ulatuslikku \u00e4revust. <\/p>\n<p>\u201eSee on t\u00e4ielik tariifide kaos,\u201c kommenteeris Euroopa Parlamendi rahvusvahelise kaubanduse komisjoni esimees Bernd Lange Valge Maja otsust.<\/p>\n<p>\u201eEL-i ja teiste USA kaubanduspartnerite jaoks on \u00f5hku j\u00e4\u00e4nud vaid vastuseta k\u00fcsimused ja s\u00fcvenev ebakindlus,\u201c kirjutas Lange platvormil X.<\/p>\n<p>Euroopa Rahvapartei fraktsiooni juhtiv kaubandusl\u00e4bir\u00e4\u00e4kija \u017deljana Zovko \u00fctles ajakirjale TIME, et Euroopa Liit loodab \u201evabaneda sellest uuest olukorrast\u201c, mida ta kirjeldab kui \u201et\u00e4iesti ebastabiilset\u201c ja \u201esegadusttekitavat\u201c. <\/p>\n<p>Zovko s\u00f5nul ei kavatse EL praeguses etapis olemasolevat lepingut muuta.<\/p>\n<p>Trump hoiatas sotsiaalmeedias, et riigid, kes \u00fcritavad \u00dclemkohtu otsust enda kasuks p\u00f6\u00f6rata, v\u00f5ivad silmitsi seista veelgi k\u00f5rgemate tariifidega.<\/p>\n<p>CNBC teatel on EL-i ja Briti ametnikud mures maailma kaubandussuhete halvenemise p\u00e4rast, kuna Trumpi uued tariifid v\u00f5ivad seada ohtu mullu USA-ga saavutatud kaubanduskokkulepped. <\/p>\n<p>Kuidas see lugu Sind end tundma pani? Saada <a href=\"https:\/\/www.delfi.ee\/artikkel\/120438298\/euroopa-parlament-pani-parast-trumpi-viimaseid-tariife-usa-kaubanduslepingu-ootele\/kommentaarid\" class=\"article-body-bottom__comment article-body-bottom__comment--write button button--primary button--size-auto\" rel=\"nofollow noopener\" target=\"_blank\"> Kommenteeri <\/a><a href=\"https:\/\/www.delfi.ee\/artikkel\/120438298\/euroopa-parlament-pani-parast-trumpi-viimaseid-tariife-usa-kaubanduslepingu-ootele\/kommentaarid\" class=\"article-body-bottom__comment article-body-bottom__comment--read button button--size-auto\" rel=\"nofollow noopener\" target=\"_blank\"> Loe kommentaare <\/a><\/p>\n","protected":false},"excerpt":{"rendered":"Homme toimuma pidanud h\u00e4\u00e4letus l\u00fckatakse edasi, Euroopa ametnikud on seisukohal, et enne USA ja ELi kaubanduslepingu edasiliikumist on&hellip;\n","protected":false},"author":2,"featured_media":114565,"comment_status":"","ping_status":"","sticky":false,"template":"","format":"standard","meta":{"footnotes":"","_share_on_mastodon":"0"},"categories":[80],"tags":[26,27,37,33,35,34,36,112,31,32,21,28,29,95,19,25,23,24,463,22,325,462,20,30,92,93,94],"class_list":["post-114564","post","type-post","status-publish","format-standard","has-post-thumbnail","category-maailm","tag-breaking-news","tag-breakingnews","tag-ee","tag-eesti","tag-eesti-keel","tag-estonia","tag-estonian","tag-euroopa","tag-featured-news","tag-featurednews","tag-headlines","tag-latest-news","tag-latestnews","tag-maailm","tag-news","tag-populaarseimad-lood","tag-top-stories","tag-topstories","tag-trump","tag-uldised-uudised","tag-usa","tag-usa-president","tag-uudised","tag-viimased-uudised","tag-world","tag-world-news","tag-worldnews"],"share_on_mastodon":{"url":"https:\/\/pubeurope.com\/@ee\/116121820444874543","error":""},"_links":{"self":[{"href":"https:\/\/www.europesays.com\/ee\/wp-json\/wp\/v2\/posts\/114564","targetHints":{"allow":["GET"]}}],"collection":[{"href":"https:\/\/www.europesays.com\/ee\/wp-json\/wp\/v2\/posts"}],"about":[{"href":"https:\/\/www.europesays.com\/ee\/wp-json\/wp\/v2\/types\/post"}],"author":[{"embeddable":true,"href":"https:\/\/www.europesays.com\/ee\/wp-json\/wp\/v2\/users\/2"}],"replies":[{"embeddable":true,"href":"https:\/\/www.europesays.com\/ee\/wp-json\/wp\/v2\/comments?post=114564"}],"version-history":[{"count":0,"href":"https:\/\/www.europesays.com\/ee\/wp-json\/wp\/v2\/posts\/114564\/revisions"}],"wp:featuredmedia":[{"embeddable":true,"href":"https:\/\/www.europesays.com\/ee\/wp-json\/wp\/v2\/media\/114565"}],"wp:attachment":[{"href":"https:\/\/www.europesays.com\/ee\/wp-json\/wp\/v2\/media?parent=114564"}],"wp:term":[{"taxonomy":"category","embeddable":true,"href":"https:\/\/www.europesays.com\/ee\/wp-json\/wp\/v2\/categories?post=114564"},{"taxonomy":"post_tag","embeddable":true,"href":"https:\/\/www.europesays.com\/ee\/wp-json\/wp\/v2\/tags?post=114564"}],"curies":[{"name":"wp","href":"https:\/\/api.w.org\/{rel}","templated":true}]}}