{"id":114679,"date":"2026-02-24T04:30:11","date_gmt":"2026-02-24T04:30:11","guid":{"rendered":"https:\/\/www.europesays.com\/ee\/114679\/"},"modified":"2026-02-24T04:30:11","modified_gmt":"2026-02-24T04:30:11","slug":"silver-kuusik-taandus-erk-i-esimehe-kohalt-ning-lahkus-parteist-erakond-reageeris-emotsionaalselt-2","status":"publish","type":"post","link":"https:\/\/www.europesays.com\/ee\/114679\/","title":{"rendered":"Silver Kuusik taandus ERK-i esimehe kohalt ning lahkus parteist. Erakond reageeris emotsionaalselt"},"content":{"rendered":"<p><img decoding=\"async\" src=\"https:\/\/www.europesays.com\/ee\/wp-content\/uploads\/2026\/02\/1771907411_138_7aa883f4-8cc3-4d1f-9d86-3583051c6abb.jpg\" loading=\"lazy\" alt=\"Silver Kuusik valiti ERK-i esimeheks 2024. aasta augustis. \"\/><\/p>\n<p>Silver Kuusik valiti ERK-i esimeheks 2024. aasta augustis. <\/p>\n<p>FOTO: Argo Ingver| Delfi Meedia<\/p>\n<p>Erakond Rahvuslased ja Konservatiivid (ERK) teatas t\u00e4na oma sotsiaalmeediakontol, et senine esimees Silver Kuusik on tervislikel p\u00f5hjustel juhikohalt taandunud ning lahkunud ka parteist. Esialgne postitus, milles Kuusiku otsus teravalt hukka m\u00f5isteti, tekitas aga erakonnas vastakaid reaktsioone.<\/p>\n","protected":false},"excerpt":{"rendered":"Silver Kuusik valiti ERK-i esimeheks 2024. aasta augustis. FOTO: Argo Ingver| Delfi Meedia Erakond Rahvuslased ja Konservatiivid (ERK)&hellip;\n","protected":false},"author":2,"featured_media":114465,"comment_status":"","ping_status":"","sticky":false,"template":"","format":"standard","meta":{"footnotes":"","_share_on_mastodon":"0"},"categories":[5],"tags":[26,27,37,33,35,11530,729,3494,34,36,31,32,21,15887,8888,28,29,19,25,15083,23,24,22,20,30],"class_list":["post-114679","post","type-post","status-publish","format-standard","has-post-thumbnail","category-uldised-uudised","tag-breaking-news","tag-breakingnews","tag-ee","tag-eesti","tag-eesti-keel","tag-eesti-rahvuslased-ja-konservatiivid","tag-ekre","tag-erk","tag-estonia","tag-estonian","tag-featured-news","tag-featurednews","tag-headlines","tag-helle-kullerkupp","tag-jaak-valge","tag-latest-news","tag-latestnews","tag-news","tag-populaarseimad-lood","tag-silver-kuusik","tag-top-stories","tag-topstories","tag-uldised-uudised","tag-uudised","tag-viimased-uudised"],"share_on_mastodon":{"url":"https:\/\/pubeurope.com\/@ee\/116123731420950389","error":""},"_links":{"self":[{"href":"https:\/\/www.europesays.com\/ee\/wp-json\/wp\/v2\/posts\/114679","targetHints":{"allow":["GET"]}}],"collection":[{"href":"https:\/\/www.europesays.com\/ee\/wp-json\/wp\/v2\/posts"}],"about":[{"href":"https:\/\/www.europesays.com\/ee\/wp-json\/wp\/v2\/types\/post"}],"author":[{"embeddable":true,"href":"https:\/\/www.europesays.com\/ee\/wp-json\/wp\/v2\/users\/2"}],"replies":[{"embeddable":true,"href":"https:\/\/www.europesays.com\/ee\/wp-json\/wp\/v2\/comments?post=114679"}],"version-history":[{"count":0,"href":"https:\/\/www.europesays.com\/ee\/wp-json\/wp\/v2\/posts\/114679\/revisions"}],"wp:featuredmedia":[{"embeddable":true,"href":"https:\/\/www.europesays.com\/ee\/wp-json\/wp\/v2\/media\/114465"}],"wp:attachment":[{"href":"https:\/\/www.europesays.com\/ee\/wp-json\/wp\/v2\/media?parent=114679"}],"wp:term":[{"taxonomy":"category","embeddable":true,"href":"https:\/\/www.europesays.com\/ee\/wp-json\/wp\/v2\/categories?post=114679"},{"taxonomy":"post_tag","embeddable":true,"href":"https:\/\/www.europesays.com\/ee\/wp-json\/wp\/v2\/tags?post=114679"}],"curies":[{"name":"wp","href":"https:\/\/api.w.org\/{rel}","templated":true}]}}