{"id":114818,"date":"2026-02-24T10:51:04","date_gmt":"2026-02-24T10:51:04","guid":{"rendered":"https:\/\/www.europesays.com\/ee\/114818\/"},"modified":"2026-02-24T10:51:04","modified_gmt":"2026-02-24T10:51:04","slug":"karl-jakob-heina-konkurent-tegi-raige-vea-peatreener-ma-ei-suudista-teda","status":"publish","type":"post","link":"https:\/\/www.europesays.com\/ee\/114818\/","title":{"rendered":"Karl Jakob Heina konkurent tegi r\u00e4ige vea. Peatreener: ma ei s\u00fc\u00fcdista teda"},"content":{"rendered":"<p>Backhausi prohmakas s\u00fcndis p\u00fchap\u00e4evase kohtumise 55. minutil, kui noor sakslane hindas Hauke Wahli pehme peal\u00f6\u00f6gi lendu ja p\u00f5rget valesti ning pudistas selle k\u00e4te vahelt v\u00e4ravasse. Kuigi Jovan Milo\u0161evi\u0107 suutis Werderi poolelt seitse minutit hiljem m\u00e4nguseisu viigistada, kindlustas 70. minutil Joel Chima Fujita St. Paulile 2:1 v\u00f5idu.<\/p>\n<p>Kohtumise j\u00e4rel ongi enim k\u00f5neainet pakkunud muidu v\u00e4ravas \u00fclimalt kindlalt tegutseva Backhausi prohmakas, mis kinkis St. Paulile juhtv\u00e4rava. Backhaus on Werderi v\u00e4ravat kaitsnud sel hooajal 21 kohtumises ning suuremaid eksimusi polnud tal varasemalt sisse tulnud. Seejuures mitmel juhul on 21-aastane sakslane valitud Werderi m\u00e4ngu parimaks.<\/p>\n<p>Sestap n\u00e4ib \u00e4\u00e4rmiselt ebat\u00f5en\u00e4oline, et Backhausi esiv\u00e4ravavahi koht \u00fche suure eksimuse t\u00f5ttu ohtu satub. Backhaus on sel hooajal vahele j\u00e4tnud kaks kohtumist \u2013 needki \u00f5lavigastuse t\u00f5ttu \u2013 ja siis katses Werderi v\u00e4ravat <a rel=\"noopener nofollow\" target=\"_blank\" href=\"https:\/\/www.delfi.ee\/teema\/80917269\/karl-jakob-hein\" tag-id=\"80917269\">Karl Jakob Hein<\/a>.<\/p>\n<p>\u201eMinu k\u00f5ige t\u00e4htsam ja v\u00e4ga usaldusv\u00e4\u00e4rne m\u00e4ngija tegi vea, mida poleks tohtinud juhtuda. Aga ma ei s\u00fc\u00fcdista (kaotuses) teda. Me ei suutnud m\u00e4ngu esimesel poolajal otsustada,\u201c kommenteeris Bremeni peatreener Daniel Thioune Backhausi eksimust Saksamaa ajalehe Bildi teatel.<\/p>\n<p>Samuti ei kukkunud Backhausi, kes oli m\u00e4ngu j\u00e4rel pisarates, s\u00fc\u00fcdistama Werderi spordidirektor Clemens Fritz. \u201eMul on Miost meeletult kahju, kuid ma ei s\u00fc\u00fcdista teda. Ta on silmapaistev v\u00e4ravavaht, kes m\u00e4ngib oma esimest hooaega Bundesligas. Me toetame teda,\u201c \u00fctles Fritz.<\/p>\n<p>Werderi keskv\u00e4ljamees Leonardo Bittencourt lisas omalt poolt, et ilmselt suudab Backhaus eksimuse unustada p\u00e4eva-kahe jooksul. <\/p>\n<p>Bremeni Werderi seis Saksamaa k\u00f5rgliigas l\u00e4ks kaotusega veelgi keerulisemaks, kuna n\u00fc\u00fcd langeti 23 m\u00e4ngust teenitud 19 punktiga v\u00e4ljalangemistsooni, 17. kohale. Eeloleval n\u00e4dalavahetusel v\u00f5\u00f5rustatakse Heidenheimi, kes on 14 punktiga liigatabeli viimane.<\/p>\n<p>Kuidas see lugu Sind end tundma pani? Saada <a href=\"https:\/\/sport.delfi.ee\/artikkel\/120438373\/karl-jakob-heina-konkurent-tegi-raige-vea-peatreener-ma-ei-suudista-teda\/kommentaarid\" class=\"article-body-bottom__comment article-body-bottom__comment--write button button--primary button--size-auto\" rel=\"nofollow noopener\" target=\"_blank\"> Kommenteeri <\/a><a href=\"https:\/\/sport.delfi.ee\/artikkel\/120438373\/karl-jakob-heina-konkurent-tegi-raige-vea-peatreener-ma-ei-suudista-teda\/kommentaarid\" class=\"article-body-bottom__comment article-body-bottom__comment--read button button--size-auto\" rel=\"nofollow noopener\" target=\"_blank\"> Loe kommentaare <\/a><\/p>\n","protected":false},"excerpt":{"rendered":"Backhausi prohmakas s\u00fcndis p\u00fchap\u00e4evase kohtumise 55. minutil, kui noor sakslane hindas Hauke Wahli pehme peal\u00f6\u00f6gi lendu ja p\u00f5rget&hellip;\n","protected":false},"author":2,"featured_media":114819,"comment_status":"","ping_status":"","sticky":false,"template":"","format":"standard","meta":{"footnotes":"","_share_on_mastodon":"0"},"categories":[18],"tags":[526,37,33,35,34,36,536,3910,159,158],"class_list":["post-114818","post","type-post","status-publish","format-standard","has-post-thumbnail","category-sport","tag-bremeni-werder","tag-ee","tag-eesti","tag-eesti-keel","tag-estonia","tag-estonian","tag-karl-jakob-hein","tag-mio-backhaus","tag-sport","tag-sports"],"share_on_mastodon":{"url":"https:\/\/pubeurope.com\/@ee\/116125229603129689","error":""},"_links":{"self":[{"href":"https:\/\/www.europesays.com\/ee\/wp-json\/wp\/v2\/posts\/114818","targetHints":{"allow":["GET"]}}],"collection":[{"href":"https:\/\/www.europesays.com\/ee\/wp-json\/wp\/v2\/posts"}],"about":[{"href":"https:\/\/www.europesays.com\/ee\/wp-json\/wp\/v2\/types\/post"}],"author":[{"embeddable":true,"href":"https:\/\/www.europesays.com\/ee\/wp-json\/wp\/v2\/users\/2"}],"replies":[{"embeddable":true,"href":"https:\/\/www.europesays.com\/ee\/wp-json\/wp\/v2\/comments?post=114818"}],"version-history":[{"count":0,"href":"https:\/\/www.europesays.com\/ee\/wp-json\/wp\/v2\/posts\/114818\/revisions"}],"wp:featuredmedia":[{"embeddable":true,"href":"https:\/\/www.europesays.com\/ee\/wp-json\/wp\/v2\/media\/114819"}],"wp:attachment":[{"href":"https:\/\/www.europesays.com\/ee\/wp-json\/wp\/v2\/media?parent=114818"}],"wp:term":[{"taxonomy":"category","embeddable":true,"href":"https:\/\/www.europesays.com\/ee\/wp-json\/wp\/v2\/categories?post=114818"},{"taxonomy":"post_tag","embeddable":true,"href":"https:\/\/www.europesays.com\/ee\/wp-json\/wp\/v2\/tags?post=114818"}],"curies":[{"name":"wp","href":"https:\/\/api.w.org\/{rel}","templated":true}]}}