{"id":114836,"date":"2026-02-24T11:26:06","date_gmt":"2026-02-24T11:26:06","guid":{"rendered":"https:\/\/www.europesays.com\/ee\/114836\/"},"modified":"2026-02-24T11:26:06","modified_gmt":"2026-02-24T11:26:06","slug":"prantsusmaa-vottis-usa-suursaadikult-ligipaasu-valitsusametnikele-sest-ta-jattis-kutse-peale-valja-ilmumata","status":"publish","type":"post","link":"https:\/\/www.europesays.com\/ee\/114836\/","title":{"rendered":"Prantsusmaa v\u00f5ttis USA suursaadikult ligip\u00e4\u00e4su valitsusametnikele, sest ta j\u00e4ttis kutse peale v\u00e4lja ilmumata"},"content":{"rendered":"<p>Prantsusemaa v\u00f5imud kutsusid nimelt Kushneri eile \u00f5htuks v\u00e4lja, sest USA saatkond <a rel=\"noopener nofollow\" target=\"_blank\" href=\"https:\/\/www.delfi.ee\/teema\/24287865\/pariis\" tag-id=\"24287865\">Pariisis<\/a> jagas Trumpi administratsiooni kommentaare parem\u00e4\u00e4rmusliku aktivisti Quentin Deranque\u2019i tapmise kohta Prantsusmaal, vahendab France 24.<\/p>\n<p>23-aastane Deranque suri p\u00e4rast 12. veebruaril <a rel=\"noopener nofollow\" target=\"_blank\" href=\"https:\/\/www.delfi.ee\/teema\/31574821\/lyon\" tag-id=\"31574821\">Lyonis<\/a> toimunud f\u00fc\u00fcsilist arvete\u00f5iendamist parem- ja vasak\u00e4\u00e4rmuslaste vahel peavigastustesse.<\/p>\n<p>Prantsusmaa v\u00e4lisministeerium teatas, et Kushner ei ilmunud kutse peale v\u00e4lja.<\/p>\n<p>T\u00e4na nimetas Prantsusmaa v\u00e4lisminister <a rel=\"noopener nofollow\" target=\"_blank\" href=\"https:\/\/www.delfi.ee\/teema\/96869108\/jean-noel-barrot\" tag-id=\"96869108\">Jean-No\u00ebl Barrot<\/a> Kuhneri tulemata j\u00e4tmist \u00fcllatuseks, mis on vastuolus diplomaatilise protokolliga ja seab kahtluse alla Kushneri v\u00f5ime suursaadikuna tegutseda.<\/p>\n<p>\u201eSee m\u00f5jutab loomulikult tema v\u00f5imet oma missiooni meie riigis l\u00e4bi viia,\u201c \u00fctles Barrot raadiojaamale France Info.<\/p>\n<p>Barrot s\u00f5nul peab Kushner v\u00e4ljakutse eiramist selgitama ja seni ei ole tal ligip\u00e4\u00e4su Prantsusmaa valitsusametnikele.<\/p>\n<p>\u201eKui need selgitamised on aset leidnud, saab USA suursaadik Prantsusmaal loomulikult taas ligip\u00e4\u00e4su Prantsusmaa valitsuse liikmetele,\u201c \u00fctles Barrot.<\/p>\n<p>Barrot\u2019 s\u00f5nul on vaja Trumpi administratsiooni kommentaare Deranque\u2019i tapmise kohta Kushneriga arutada.<\/p>\n<p>\u201eMe peame temalt selgituse saama,\u201c \u00fctles Barrot. \u201eMe ei pea vastuv\u00f5etavaks, et v\u00e4lisriigid v\u00f5ivad tulla ja sekkuda, kutsuda end riigisisesesse poliitilisse debatti.\u201c<\/p>\n<p>Kuidas see lugu Sind end tundma pani? Saada <a href=\"https:\/\/www.delfi.ee\/artikkel\/120438380\/prantsusmaa-vottis-usa-suursaadikult-ligipaasu-valitsusametnikele-sest-ta-jattis-kutse-peale-valja-ilmumata\/kommentaarid\" class=\"article-body-bottom__comment article-body-bottom__comment--write button button--primary button--size-auto\" rel=\"nofollow noopener\" target=\"_blank\"> Kommenteeri <\/a><a href=\"https:\/\/www.delfi.ee\/artikkel\/120438380\/prantsusmaa-vottis-usa-suursaadikult-ligipaasu-valitsusametnikele-sest-ta-jattis-kutse-peale-valja-ilmumata\/kommentaarid\" class=\"article-body-bottom__comment article-body-bottom__comment--read button button--size-auto\" rel=\"nofollow noopener\" target=\"_blank\"> Loe kommentaare (2)<\/a><\/p>\n","protected":false},"excerpt":{"rendered":"Prantsusemaa v\u00f5imud kutsusid nimelt Kushneri eile \u00f5htuks v\u00e4lja, sest USA saatkond Pariisis jagas Trumpi administratsiooni kommentaare parem\u00e4\u00e4rmusliku aktivisti&hellip;\n","protected":false},"author":2,"featured_media":114837,"comment_status":"","ping_status":"","sticky":false,"template":"","format":"standard","meta":{"footnotes":"","_share_on_mastodon":"0"},"categories":[80],"tags":[26,27,324,37,33,35,34,36,31,32,21,8831,23379,28,29,7355,95,19,125,25,52,23,24,22,325,20,30,92,93,94],"class_list":["post-114836","post","type-post","status-publish","format-standard","has-post-thumbnail","category-maailm","tag-breaking-news","tag-breakingnews","tag-donald-trump","tag-ee","tag-eesti","tag-eesti-keel","tag-estonia","tag-estonian","tag-featured-news","tag-featurednews","tag-headlines","tag-jared-kushner","tag-jean-noel-barrot","tag-latest-news","tag-latestnews","tag-lyon","tag-maailm","tag-news","tag-pariis","tag-populaarseimad-lood","tag-prantsusmaa","tag-top-stories","tag-topstories","tag-uldised-uudised","tag-usa","tag-uudised","tag-viimased-uudised","tag-world","tag-world-news","tag-worldnews"],"share_on_mastodon":{"url":"https:\/\/pubeurope.com\/@ee\/116125367371607265","error":""},"_links":{"self":[{"href":"https:\/\/www.europesays.com\/ee\/wp-json\/wp\/v2\/posts\/114836","targetHints":{"allow":["GET"]}}],"collection":[{"href":"https:\/\/www.europesays.com\/ee\/wp-json\/wp\/v2\/posts"}],"about":[{"href":"https:\/\/www.europesays.com\/ee\/wp-json\/wp\/v2\/types\/post"}],"author":[{"embeddable":true,"href":"https:\/\/www.europesays.com\/ee\/wp-json\/wp\/v2\/users\/2"}],"replies":[{"embeddable":true,"href":"https:\/\/www.europesays.com\/ee\/wp-json\/wp\/v2\/comments?post=114836"}],"version-history":[{"count":0,"href":"https:\/\/www.europesays.com\/ee\/wp-json\/wp\/v2\/posts\/114836\/revisions"}],"wp:featuredmedia":[{"embeddable":true,"href":"https:\/\/www.europesays.com\/ee\/wp-json\/wp\/v2\/media\/114837"}],"wp:attachment":[{"href":"https:\/\/www.europesays.com\/ee\/wp-json\/wp\/v2\/media?parent=114836"}],"wp:term":[{"taxonomy":"category","embeddable":true,"href":"https:\/\/www.europesays.com\/ee\/wp-json\/wp\/v2\/categories?post=114836"},{"taxonomy":"post_tag","embeddable":true,"href":"https:\/\/www.europesays.com\/ee\/wp-json\/wp\/v2\/tags?post=114836"}],"curies":[{"name":"wp","href":"https:\/\/api.w.org\/{rel}","templated":true}]}}