{"id":114934,"date":"2026-02-24T14:00:08","date_gmt":"2026-02-24T14:00:08","guid":{"rendered":"https:\/\/www.europesays.com\/ee\/114934\/"},"modified":"2026-02-24T14:00:08","modified_gmt":"2026-02-24T14:00:08","slug":"wp-usa-on-saatnud-viimasel-ajal-lahis-itta-ja-euroopasse-ule-150-lennuki","status":"publish","type":"post","link":"https:\/\/www.europesays.com\/ee\/114934\/","title":{"rendered":"WP: USA on saatnud viimasel ajal L\u00e4his-Itta ja Euroopasse \u00fcle 150 lennuki"},"content":{"rendered":"<p>USA s\u00f5jaj\u00f5udude praegune kohalolek regioonis on enam kui 20 aasta \u00fcks suuremaid. Viimati oli seal nii palju USA j\u00f5ude enne sissetungi <a rel=\"noopener nofollow\" target=\"_blank\" href=\"https:\/\/www.delfi.ee\/teema\/27182989\/iraak\" tag-id=\"27182989\">Iraaki<\/a> 2003. aastal.<\/p>\n<p>USA president <a rel=\"noopener nofollow\" target=\"_blank\" href=\"https:\/\/www.delfi.ee\/teema\/32758637\/donald-trump\" tag-id=\"32758637\">Donald Trump<\/a> on \u00e4hvardanud Iraani r\u00fcnnata, kui ei saavutata kokkulepet Iraani tuumaprogrammi kohta. Trump ei ole teatanud r\u00fcnnaku eesm\u00e4rke. Iraani ametnikud on \u00f6elnud, et kokkulepe on v\u00f5imalik, aga selle saavutamine v\u00f5tab aega.<\/p>\n<p>Ekspertide s\u00f5nul on USA v\u00e4gesid n\u00fc\u00fcd koondatud rohkem kui enne Iraani tuumaprogrammile l\u00f6\u00f6kide andmist mullu juunis. Koondatud j\u00f5ud annavad ekspertide s\u00f5nul tunnistust mitmep\u00e4evasest r\u00fcnnakust ilma maad m\u00f6\u00f6da sisse tungimiseta.<\/p>\n<p>T\u00e4iendavalt on k\u00fcmneid lennukeid USA lennukikandja USS Gerald R. Ford pardal. Eile asus laev <a rel=\"noopener nofollow\" target=\"_blank\" href=\"https:\/\/www.delfi.ee\/teema\/66331500\/kreeta\" tag-id=\"66331500\">Kreeta<\/a> saare ranniku l\u00e4histel. Selle saabumine t\u00e4hendab, et umbes kolmandik aktiivsetest USA laevadest on praegu selles regioonis.<\/p>\n<p>\u201eSee koondatud massiivne j\u00f5udude tase t\u00e4hendab, et USA s\u00f5jav\u00e4gi v\u00f5ib ellu viia mida iganes Trump otsustab \u2013 k\u00f5ike alates kestvast \u00fclimalt kineetilisest kampaaniast kuni sihitumate, piiratumate l\u00f6\u00f6kideni,\u201c \u00fctles endine kaitseministeeriumi k\u00f5rge ametnik Dana Stroul, kes on n\u00fc\u00fcd USA L\u00e4his-Ida-poliitikale keskenduva m\u00f5ttekoja Washingtoni Instituudi uurimisdirektor.<\/p>\n<p>Kui administratsioon plaanib laiendatud, n\u00e4dalate pikkust \u00f5hukampaaniat, oleks vaja veelgi rohkem j\u00f5ude, \u00fctles Strateegiliste ja Rahvusvaheliste Uuringute Keskuse vanemn\u00f5unik Mark Cancian.<\/p>\n<p>\u00dcle poole v\u00e4rskelt saadetud USA lennukitest maandus satelliidifotode ja lennuandmete j\u00e4rgi Euroopa baasides. Paigutades lennukid enamiku Iraani rakettide laskeulatusest v\u00e4lja Euroopasse, mitte P\u00e4rsia lahe \u00e4\u00e4rsetesse baasidesse, saab USA oma j\u00f5ude ja isikkoosseisu strateegiliselt positsioonidele paigutada, andmata iraanlastele \u201emahlast\u201c sihtm\u00e4rki, kommenteeris Eurasia Groupi Iraani vanemanal\u00fc\u00fctik Gregory Brew.<\/p>\n<p>Suur enamus lennukeid, mida avalikes allikates n\u00e4ha on, on transpordi- ja tankurlennukid. Lahingulennukite transpondrid on tihti v\u00e4lja l\u00fclitatud, mist\u00f5ttu on neid raskem j\u00e4litada, kui neid ei ole n\u00e4ha satelliidifotodel.<\/p>\n<p>\u00dcks p\u00f5hisihtkohti USA lennukitele on olnud Muwaffaq Salti lennubaas <a rel=\"noopener nofollow\" target=\"_blank\" href=\"https:\/\/www.delfi.ee\/teema\/35428129\/jordaania\" tag-id=\"35428129\">Jordaanias<\/a>. Reedel tehtud satelliidifotodel oli seal n\u00e4ha \u00fcle 60 s\u00f5jalennuki. Reas oli \u00fcle tosina h\u00e4vituslennuki <a rel=\"noopener nofollow\" target=\"_blank\" href=\"https:\/\/www.delfi.ee\/teema\/41207713\/f-35\" tag-id=\"41207713\">F-35<\/a>. Neid kasutatakse sageli vastase \u00f5hukaitse r\u00fcndamiseks, mis tekitab teistele lennukitele ohutuma keskkonna.<\/p>\n<p><img decoding=\"async\" src=\"https:\/\/www.europesays.com\/ee\/wp-content\/uploads\/2026\/02\/5e8ad0e1-1e18-40d7-aba3-2173f317af8a.jpg\" loading=\"lazy\" alt=\"Muwaffaq Salti lennubaas Jordaanias 21. veebruaril\"\/><\/p>\n<p>USA on saatnud \u00fcle kolmandiku oma aktiivsetest radarilennukitest E-3G Euroopasse ja L\u00e4his-Itta. Need annavad reaalajas pildi \u00fcmbritsevas \u00f5huruumis toimuvast.<\/p>\n<p>K\u00fcmneid s\u00f5jalennukeid on viimastel p\u00e4evadel pildistatud Euroopa lennuv\u00e4ljadel. On avaldatud fotod tosinast F-22A Raptorist <a rel=\"noopener nofollow\" target=\"_blank\" href=\"https:\/\/www.delfi.ee\/teema\/22636419\/suurbritannia\" tag-id=\"22636419\">Suurbritannia<\/a> Lakenheathi baasis ja v\u00e4hemalt \u00fchest <a rel=\"noopener nofollow\" target=\"_blank\" href=\"https:\/\/www.delfi.ee\/teema\/96878749\/f-16-1\" tag-id=\"96878749\">F-16<\/a>-st <a rel=\"noopener nofollow\" target=\"_blank\" href=\"https:\/\/www.delfi.ee\/teema\/75997113\/assoorid\" tag-id=\"75997113\">Assooridele<\/a> maandumas.<\/p>\n<p>Kreetal Chania lennuv\u00e4ljal reisilennuki aknast tehtud ja laup\u00e4eval TikTokis avaldatud videos on n\u00e4ha v\u00e4hemalt k\u00fcmmet F-35 koos teiste lennukitega. Lennuandmete j\u00e4rgi on sinna alates 17. veebruarist saabunud tankurlennukid ja v\u00e4hemalt \u00fcks luurelennuk.<\/p>\n<p>Veel k\u00fcmneid lennukeid, sealhulgas elektrooniliseks s\u00f5japidamiseks kasutatavaid, on lennukikandjal USS Abraham Lincoln, mis on olnud alates veebruari algusest <a rel=\"noopener nofollow\" target=\"_blank\" href=\"https:\/\/www.delfi.ee\/teema\/56942588\/omaan\" tag-id=\"56942588\">Omaani<\/a> ranniku l\u00e4histel, ja lennukikandjal USS Gerald R. Ford Kreeta l\u00e4hedal.<\/p>\n<p>M\u00f5lemat lennukikandjat saadavad raketih\u00e4vitajad, mis on varustatud k\u00fcmnete rakettidega <a rel=\"noopener nofollow\" target=\"_blank\" href=\"https:\/\/www.delfi.ee\/teema\/77816610\/tomahawk\" tag-id=\"77816610\">Tomahawk<\/a>, millega r\u00fcnnati Iraani tuumasihtm\u00e4rke juunis.<\/p>\n<p>\u201eMida iganes nende administratsioon Iraaniga teha tahab, tahab ta teha seda suurelt, aga ta tahab seda teha k\u00fcllaltki kiiresti minimaalse ohuga tagasil\u00f6\u00f6giks v\u00f5i negatiivseteks tagaj\u00e4rgedeks,\u201c \u00fctles Brew.<\/p>\n<p>Kuidas see lugu Sind end tundma pani? Saada <a href=\"https:\/\/www.delfi.ee\/artikkel\/120438401\/wp-usa-on-saatnud-viimasel-ajal-lahis-itta-ja-euroopasse-ule-150-lennuki\/kommentaarid\" class=\"article-body-bottom__comment article-body-bottom__comment--write button button--primary button--size-auto\" rel=\"nofollow noopener\" target=\"_blank\"> Kommenteeri <\/a><a href=\"https:\/\/www.delfi.ee\/artikkel\/120438401\/wp-usa-on-saatnud-viimasel-ajal-lahis-itta-ja-euroopasse-ule-150-lennuki\/kommentaarid\" class=\"article-body-bottom__comment article-body-bottom__comment--read button button--size-auto\" rel=\"nofollow noopener\" target=\"_blank\"> Loe kommentaare (1)<\/a><\/p>\n","protected":false},"excerpt":{"rendered":"USA s\u00f5jaj\u00f5udude praegune kohalolek regioonis on enam kui 20 aasta \u00fcks suuremaid. Viimati oli seal nii palju USA&hellip;\n","protected":false},"author":2,"featured_media":114935,"comment_status":"","ping_status":"","sticky":false,"template":"","format":"standard","meta":{"footnotes":"","_share_on_mastodon":"0"},"categories":[80],"tags":[18333,26,27,324,37,33,35,34,36,112,2070,11232,31,32,21,4882,1925,11850,29750,4376,28,29,95,19,17218,46526,25,660,5546,23,24,22,325,20,30,92,93,94],"class_list":["post-114934","post","type-post","status-publish","format-standard","has-post-thumbnail","category-maailm","tag-assoorid","tag-breaking-news","tag-breakingnews","tag-donald-trump","tag-ee","tag-eesti","tag-eesti-keel","tag-estonia","tag-estonian","tag-euroopa","tag-f-16","tag-f-35","tag-featured-news","tag-featurednews","tag-headlines","tag-iraak","tag-iraan","tag-jordaania","tag-kreeta","tag-lahis-ida","tag-latest-news","tag-latestnews","tag-maailm","tag-news","tag-omaan","tag-parsia-laht","tag-populaarseimad-lood","tag-suurbritannia","tag-tomahawk","tag-top-stories","tag-topstories","tag-uldised-uudised","tag-usa","tag-uudised","tag-viimased-uudised","tag-world","tag-world-news","tag-worldnews"],"share_on_mastodon":{"url":"https:\/\/pubeurope.com\/@ee\/116125972729644954","error":""},"_links":{"self":[{"href":"https:\/\/www.europesays.com\/ee\/wp-json\/wp\/v2\/posts\/114934","targetHints":{"allow":["GET"]}}],"collection":[{"href":"https:\/\/www.europesays.com\/ee\/wp-json\/wp\/v2\/posts"}],"about":[{"href":"https:\/\/www.europesays.com\/ee\/wp-json\/wp\/v2\/types\/post"}],"author":[{"embeddable":true,"href":"https:\/\/www.europesays.com\/ee\/wp-json\/wp\/v2\/users\/2"}],"replies":[{"embeddable":true,"href":"https:\/\/www.europesays.com\/ee\/wp-json\/wp\/v2\/comments?post=114934"}],"version-history":[{"count":0,"href":"https:\/\/www.europesays.com\/ee\/wp-json\/wp\/v2\/posts\/114934\/revisions"}],"wp:featuredmedia":[{"embeddable":true,"href":"https:\/\/www.europesays.com\/ee\/wp-json\/wp\/v2\/media\/114935"}],"wp:attachment":[{"href":"https:\/\/www.europesays.com\/ee\/wp-json\/wp\/v2\/media?parent=114934"}],"wp:term":[{"taxonomy":"category","embeddable":true,"href":"https:\/\/www.europesays.com\/ee\/wp-json\/wp\/v2\/categories?post=114934"},{"taxonomy":"post_tag","embeddable":true,"href":"https:\/\/www.europesays.com\/ee\/wp-json\/wp\/v2\/tags?post=114934"}],"curies":[{"name":"wp","href":"https:\/\/api.w.org\/{rel}","templated":true}]}}