{"id":114960,"date":"2026-02-24T14:53:07","date_gmt":"2026-02-24T14:53:07","guid":{"rendered":"https:\/\/www.europesays.com\/ee\/114960\/"},"modified":"2026-02-24T14:53:07","modified_gmt":"2026-02-24T14:53:07","slug":"laskesuusataja-voitis-olumpiamedali-aga-vanematel-jai-see-nagemata-ma-ei-suuda-endale-iial-andestada-postimees-sport","status":"publish","type":"post","link":"https:\/\/www.europesays.com\/ee\/114960\/","title":{"rendered":"Laskesuusataja v\u00f5itis ol\u00fcmpiamedali, aga vanematel j\u00e4i see n\u00e4gemata: ma ei suuda endale iial andestada &#8211; Postimees Sport"},"content":{"rendered":"<ol>\n<li><a href=\"https:\/\/news.google.com\/rss\/articles\/CBMi0AFBVV95cUxNRFl6QWptcHl1Vl9ZNERLaHdVNGNHemp4bWY0VEk5SUtXS1htQ19BWUN1ek55czUtWHhTMFlISzVlX00wanA4c0l4T0pBZF94RndxTVZHLUhlS3VMakFrX01TVkF6QlFBbUh0VGtEVWM0VHAwUHNEOXk5MS1MZWUxNkxCd1RTcnRNY2lOQkdiNXRDNU0xLVdtVjB1QVh1bkVMaThfT3ppOTdpSE85dXZyczN2YmNTbzNVTDFCU3l5bXNUanZmaEctUUduUkcxV2p3?oc=5\" target=\"_blank\" rel=\"nofollow noopener\">Laskesuusataja v\u00f5itis ol\u00fcmpiamedali, aga vanematel j\u00e4i see n\u00e4gemata: ma ei suuda endale iial andestada<\/a>&nbsp;&nbsp;Postimees Sport<\/li>\n<li><a href=\"https:\/\/news.google.com\/rss\/articles\/CBMiogFBVV95cUxOQ1E3U1BzVWJvaUNVNVFMelhiS3N4cVBSU2RIbDdTa19razVLbUN0ZDd2M2tlVkJsNHVoa0FNeEs2eGw5aWZfc1ZDaGMyT1otck5BdEpFNlpDcThfMTZVWEVELUw1MEc2c0ZxMWxXcHlCb3ZDM2wxUlAwNmpMUlA1WDdMa0dmbk83dVN2cWduMGU5MGVlajJ1UUVHZTNYa3FlUUE?oc=5\" target=\"_blank\" rel=\"nofollow noopener\">Michelon ja Simon t\u00f5id Prantsusmaale \u00fchisstardist s\u00f5idus kaksikv\u00f5idu<\/a>&nbsp;&nbsp;sport | ERR<\/li>\n<li><a href=\"https:\/\/news.google.com\/rss\/articles\/CBMizgFBVV95cUxPRENsTHBHTDhMVzk3czZRbnZLLU9TTFJGN2RyNDI1UnlfYU9TaW9TVDFJRkxhLWJoSUVtTTV0TWhOZVFKbGs3ZUhIQ3VVZUJHSmQ2RGFyUmNQRlVMZ0JjZEtaSDhSWVVsSkdYWGx2Y29LMWRpZFF6U1FDVzZiUi04X3B3aXc3ck1MZG5IWnc3QjZ3RWFGVF9BRFEtQWhmWkthLU1LR1p2YzNCem9oMU5LTklGUi1obUVRNUNIZjktNy1TYlVEMVZaMUJFdzJvQQ?oc=5\" target=\"_blank\" rel=\"nofollow noopener\">BLOGI L\u00f5pus v\u00f5imud n\u00e4idanud prantslannad v\u00f5tsid ol\u00fcmpia finaalis kaksikv\u00f5idu, T\u0161ehhi teenis pronksi<\/a>&nbsp;&nbsp;Postimees Sport<\/li>\n<li><a href=\"https:\/\/news.google.com\/rss\/articles\/CBMizgFBVV95cUxNbEVnUXFfYWp2QUtvcTQtQjE1MDNrSTBrMGxZOXE5MURNQklZaXVTQ3hEanU1aHkxY09WLXlRdjJxalI0dWRQSnNUWHE1S3lQX284QjNmUXRKa2tNY095Q0JUMmUxZXJ1M2xnVms3YXlucDVRM09uX0oyVDZ6QlRESkNMRnRkdzhYUjhhR1ZRWENpM193cEE5SU5YRmE1cXI4RkxIald5Sl9LMXJSX0MtNEV5TWNkeU9Zam8tcmJlbEwzYW5kQ3NZZVBKaFpkQQ?oc=5\" target=\"_blank\" rel=\"nofollow noopener\">VIDEO S\u00fcnnis? Prantsusmaa ja Norra laskesuusat\u00e4hed veetsid teates\u00f5idu eel\u00f5htul meeleolukat \u00fchisaega<\/a>&nbsp;&nbsp;Postimees Sport<\/li>\n<\/ol>\n","protected":false},"excerpt":{"rendered":"Laskesuusataja v\u00f5itis ol\u00fcmpiamedali, aga vanematel j\u00e4i see n\u00e4gemata: ma ei suuda endale iial andestada&nbsp;&nbsp;Postimees Sport Michelon ja Simon&hellip;\n","protected":false},"author":2,"featured_media":114961,"comment_status":"","ping_status":"","sticky":false,"template":"","format":"standard","meta":{"footnotes":"","_share_on_mastodon":"0"},"categories":[18],"tags":[37,33,35,34,36,3532,54049,32640,20841,159,158,54047,54048],"class_list":["post-114960","post","type-post","status-publish","format-standard","has-post-thumbnail","category-sport","tag-ee","tag-eesti","tag-eesti-keel","tag-estonia","tag-estonian","tag-julia-simon","tag-krkonossky-denik","tag-mikulas-karlik","tag-oceane-michelon","tag-sport","tag-sports","tag-tereza-vobornikova","tag-veronika-vitkova"],"share_on_mastodon":{"url":"https:\/\/pubeurope.com\/@ee\/116126181122910302","error":""},"_links":{"self":[{"href":"https:\/\/www.europesays.com\/ee\/wp-json\/wp\/v2\/posts\/114960","targetHints":{"allow":["GET"]}}],"collection":[{"href":"https:\/\/www.europesays.com\/ee\/wp-json\/wp\/v2\/posts"}],"about":[{"href":"https:\/\/www.europesays.com\/ee\/wp-json\/wp\/v2\/types\/post"}],"author":[{"embeddable":true,"href":"https:\/\/www.europesays.com\/ee\/wp-json\/wp\/v2\/users\/2"}],"replies":[{"embeddable":true,"href":"https:\/\/www.europesays.com\/ee\/wp-json\/wp\/v2\/comments?post=114960"}],"version-history":[{"count":0,"href":"https:\/\/www.europesays.com\/ee\/wp-json\/wp\/v2\/posts\/114960\/revisions"}],"wp:featuredmedia":[{"embeddable":true,"href":"https:\/\/www.europesays.com\/ee\/wp-json\/wp\/v2\/media\/114961"}],"wp:attachment":[{"href":"https:\/\/www.europesays.com\/ee\/wp-json\/wp\/v2\/media?parent=114960"}],"wp:term":[{"taxonomy":"category","embeddable":true,"href":"https:\/\/www.europesays.com\/ee\/wp-json\/wp\/v2\/categories?post=114960"},{"taxonomy":"post_tag","embeddable":true,"href":"https:\/\/www.europesays.com\/ee\/wp-json\/wp\/v2\/tags?post=114960"}],"curies":[{"name":"wp","href":"https:\/\/api.w.org\/{rel}","templated":true}]}}