{"id":114996,"date":"2026-02-24T16:10:07","date_gmt":"2026-02-24T16:10:07","guid":{"rendered":"https:\/\/www.europesays.com\/ee\/114996\/"},"modified":"2026-02-24T16:10:07","modified_gmt":"2026-02-24T16:10:07","slug":"psg-jalgpallur-hakimi-peab-ilmuma-kohtu-ette-suudistatuna-vagistamises-jalgpall","status":"publish","type":"post","link":"https:\/\/www.europesays.com\/ee\/114996\/","title":{"rendered":"PSG jalgpallur Hakimi peab ilmuma kohtu ette s\u00fc\u00fcdistatuna v\u00e4gistamises | Jalgpall"},"content":{"rendered":"<p>Pariisi Saint-Germaini ja Maroko jalgpallikoondise m\u00e4ngija Achraf Hakimi peab astuma Prantsusmaal kohtu ette s\u00fc\u00fcdistusega v\u00e4gistamises.<\/p>\n<p>27-aastane jalgpallur andis sellest ise \u00fchismeedias teada ja eitas s\u00fc\u00fcdistust. &#8220;T\u00e4nap\u00e4eval on s\u00fc\u00fcdistus v\u00e4gistamises piisav, et \u00f5igustada kohtuprotsessi pidamist, isegi kui ma seda eitan ja k\u00f5ik t\u00f5estab, et see on vale,&#8221; kirjutas Hakimi platvormil X.<\/p>\n<p>&#8220;See on sama eba\u00f5iglane nii s\u00fc\u00fctute kui ka t\u00f5eliste ohvrite suhtes. Ma olen selle kohtuprotsessi eel rahulik ja see v\u00f5imaldab t\u00f5el avalikult v\u00e4lja tulla.&#8221;<\/p>\n<p>Nanterre&#8217;i prokuratuur algatas uurimise 2023. aastal p\u00e4rast seda, kui jalgpalluri vastu esitati v\u00e4gistamiss\u00fc\u00fcdistus. Prokur\u00f6r kinnitas teisip\u00e4eval, et Hakimi juhtum on saadetud edasi kohtumisse.<\/p>\n<p>M\u00e4ngija koduklubi PSG asub kolmap\u00e4eval Meistrite liiga raames vastamisi Monacoga. Hakimi kuulub koosseisu. Peatreener Luis Enrique keeldus m\u00e4ngueelsel pressikonverentsil kommenteerimast, kas see m\u00f5jutab Hakimi abikapteni staatust v\u00f5i rolli meeskonnas laiemalt.<\/p>\n","protected":false},"excerpt":{"rendered":"Pariisi Saint-Germaini ja Maroko jalgpallikoondise m\u00e4ngija Achraf Hakimi peab astuma Prantsusmaal kohtu ette s\u00fc\u00fcdistusega v\u00e4gistamises. 27-aastane jalgpallur andis&hellip;\n","protected":false},"author":2,"featured_media":114997,"comment_status":"","ping_status":"","sticky":false,"template":"","format":"standard","meta":{"footnotes":"","_share_on_mastodon":"0"},"categories":[18],"tags":[23216,37,33,35,34,36,2528,159,158],"class_list":["post-114996","post","type-post","status-publish","format-standard","has-post-thumbnail","category-sport","tag-achraf-hakimi","tag-ee","tag-eesti","tag-eesti-keel","tag-estonia","tag-estonian","tag-psg","tag-sport","tag-sports"],"share_on_mastodon":{"url":"https:\/\/pubeurope.com\/@ee\/116126483869623631","error":""},"_links":{"self":[{"href":"https:\/\/www.europesays.com\/ee\/wp-json\/wp\/v2\/posts\/114996","targetHints":{"allow":["GET"]}}],"collection":[{"href":"https:\/\/www.europesays.com\/ee\/wp-json\/wp\/v2\/posts"}],"about":[{"href":"https:\/\/www.europesays.com\/ee\/wp-json\/wp\/v2\/types\/post"}],"author":[{"embeddable":true,"href":"https:\/\/www.europesays.com\/ee\/wp-json\/wp\/v2\/users\/2"}],"replies":[{"embeddable":true,"href":"https:\/\/www.europesays.com\/ee\/wp-json\/wp\/v2\/comments?post=114996"}],"version-history":[{"count":0,"href":"https:\/\/www.europesays.com\/ee\/wp-json\/wp\/v2\/posts\/114996\/revisions"}],"wp:featuredmedia":[{"embeddable":true,"href":"https:\/\/www.europesays.com\/ee\/wp-json\/wp\/v2\/media\/114997"}],"wp:attachment":[{"href":"https:\/\/www.europesays.com\/ee\/wp-json\/wp\/v2\/media?parent=114996"}],"wp:term":[{"taxonomy":"category","embeddable":true,"href":"https:\/\/www.europesays.com\/ee\/wp-json\/wp\/v2\/categories?post=114996"},{"taxonomy":"post_tag","embeddable":true,"href":"https:\/\/www.europesays.com\/ee\/wp-json\/wp\/v2\/tags?post=114996"}],"curies":[{"name":"wp","href":"https:\/\/api.w.org\/{rel}","templated":true}]}}