{"id":115003,"date":"2026-02-24T16:32:08","date_gmt":"2026-02-24T16:32:08","guid":{"rendered":"https:\/\/www.europesays.com\/ee\/115003\/"},"modified":"2026-02-24T16:32:08","modified_gmt":"2026-02-24T16:32:08","slug":"courtois-benfica-peatreeneri-valjautlemisest-viniciuse-teemal-mourinho-on-mourinho-soccernet-ee","status":"publish","type":"post","link":"https:\/\/www.europesays.com\/ee\/115003\/","title":{"rendered":"Courtois Benfica peatreeneri v\u00e4lja\u00fctlemisest Viniciuse teemal: Mourinho on Mourinho &#8230; &#8211; Soccernet.ee"},"content":{"rendered":"<p><img decoding=\"async\" src=\"https:\/\/www.europesays.com\/ee\/wp-content\/uploads\/2026\/02\/1771946366.jpg\" alt=\"Thibaut Courtois m\u00e4ngueelsel pressikonverentsil. Foto: Scanpix \/ Federico Titone \/ ZUMAPRESS.com\"\/>&#13;\n<\/p>\n<p>Meistrite liigas toimub kolmap\u00e4eval neli 1\/8-finaalkohtumist. \u00dcheks m\u00e4nguks on aga Real Madridi ja Benfica heitlus, mis m\u00f6\u00f6dunud n\u00e4dalal omajagu k\u00f5mu tekitas.\u00a0<\/p>\n<p>Hispaania hiiu kindamees Thibaut Courtois tunnistas kohtumise eel, et Vinicius Juniori v\u00e4ravat\u00e4histus ei \u00f5igusta mitte mingilgi m\u00e4\u00e4ral v\u00e4idetavat rassismiakti. Nimelt v\u00e4itis Brasiilia \u00e4\u00e4rer\u00fcndaja, et teda solvas Benfica m\u00e4ngija Gianluca Prestianni vahetult p\u00e4rast seda, kui ta l\u00f5i v\u00e4rava, mis t\u00f5i Hispaania klubile avakohtumises v\u00f5idu.\u00a0&#13;\n<\/p>\n<p>Argentiinlasest \u00e4\u00e4rem\u00e4ngija Prestianni eitas, et ta Viniciust rassistlikult solvas, kuid UEFA m\u00e4\u00e4ras talle \u00fchem\u00e4ngulise v\u00f5istluskeelu. Benfica loots Jose Mourinho tunnistas aga kohtumise j\u00e4rel, et Vinicius k\u00e4itus lugupidamatult ja \u00e4ssitas publikut, misj\u00e4rel ta s\u00f5imulaviini alla j\u00e4i.\u00a0&#13;\n<\/p>\n<p>&#8220;Mourinho on Mourinho ja treenerina kaitsed sa alati oma klubi,&#8221; r\u00e4\u00e4kis Courtois Benfica peatreeneri kommentaarist. &#8220;Mind h\u00e4irib siiski, et Viniciuse t\u00e4histust kasutatakse tema vastu. Vini ei teinud midagi halba, ta t\u00e4histas samamoodi nagu paljud vastased on meie vastu t\u00e4histanud,&#8221; r\u00e4\u00e4kis belglasest puurivaht m\u00e4ngueelsel pressikonverentsil.\u00a0<\/p>\n<p>Kindamehe hinnangul ei saa v\u00e4idetavat rassismiakti lugupidamatu t\u00e4histusega \u00f5igustada. &#8220;Arvan, et peaksime \u00fchiskonnana v\u00e4hem rumalad olema,&#8221; pajatas Courtois. Prestianni polnud aga ainus, kes Viniciuse poole solvanguid pildus. &#8220;Need muud asjad, mis trib\u00fc\u00fcnidel toimusid, v\u00e4\u00e4rinuks minu arvates m\u00e4ngu peatamist ja nende inimeste eemaldamist,&#8221; arvas belglane.\u00a0&#13;\n<\/p>\n<p>Kas Vana Daam ronib august v\u00e4lja?&#13;\n<\/p>\n<p>Kui Madridi klubi l\u00e4heb korduskohtumisele vastu napis eduseisus, siis Juventuse seis on omajagu keerulisem. Nimelt l\u00e4heb Itaalia punt kordusmat\u0161ile vastu 2:5 kaotusseisus ja selge on see, et eelseisev \u00fclesanne ei saa olema sugugi lihtne. Kuigi T\u00fcrgi pundi kasuks r\u00e4\u00e4gib kolmev\u00e4ravaline eduseis, pole Juventuse leer lootust kaotanud.\u00a0&#13;\n<\/p>\n<p>\u201eMeie f\u00e4nnide ees m\u00e4ngimine annab meile palju usku ja enesekindlust. Me teame, millises seisus me praegu oleme,&#8221; tunnistas Juventuse loots Luciano Spalletti. &#8220;Peame kohe algusest peale m\u00e4ngu sisse minema. Teame, et see on tundlik hetk, kuid palume f\u00e4nnidel meie k\u00f5rval p\u00fcsida,&#8221; lisas itaallane.\u00a0<\/p>\n<p>Juventuse kaitsja Lloyd Kelly tunnistas, et viimase n\u00e4dala jooksul on roppumoodi vaeva n\u00e4htud. &#8220;Proovisime erinevaid asju ning peame kohe m\u00e4ngu sisse saama. Tahan, et hoiaksime taseme k\u00f5rgel. Teame v\u00e4ljakutseid ja peame nendeks valmis olema,&#8221; s\u00f5nas ta.\u00a0&#13;\n<\/p>\n<p>Meistrite liiga kolmap\u00e4evased m\u00e4ngud:\u00a0&#13;\n<\/p>\n<ul>&#13;<\/p>\n<li>Atalanta &#8211; Dortmundi Borussia (kell 19.45)<\/li>\n<p>&#13;<\/p>\n<li>Juventus &#8211; Galatasaray (kell 22.00)<\/li>\n<p>&#13;<\/p>\n<li>Pariisi Saint-Germain &#8211; Monaco (kell 22.00)<\/li>\n<p>&#13;<\/p>\n<li>Real Madrid &#8211; Benfica (kell 22.00)<\/li>\n<p>&#13;\n<\/ul>\n","protected":false},"excerpt":{"rendered":"&#13; Meistrite liigas toimub kolmap\u00e4eval neli 1\/8-finaalkohtumist. \u00dcheks m\u00e4nguks on aga Real Madridi ja Benfica heitlus, mis m\u00f6\u00f6dunud&hellip;\n","protected":false},"author":2,"featured_media":115004,"comment_status":"","ping_status":"","sticky":false,"template":"","format":"standard","meta":{"footnotes":"","_share_on_mastodon":"0"},"categories":[18],"tags":[1816,6429,6598,1705,37,33,35,34,36,6430,1149,1190,9988,2452,2528,609,159,158],"class_list":["post-115003","post","type-post","status-publish","format-standard","has-post-thumbnail","category-sport","tag-atalanta","tag-benfica","tag-champions-league","tag-dortmundi-borussia","tag-ee","tag-eesti","tag-eesti-keel","tag-estonia","tag-estonian","tag-galatasaray","tag-juventus","tag-meistrite-liiga","tag-monaco","tag-pariisi-saint-germain","tag-psg","tag-real-madrid","tag-sport","tag-sports"],"share_on_mastodon":{"url":"https:\/\/pubeurope.com\/@ee\/116126570441714273","error":""},"_links":{"self":[{"href":"https:\/\/www.europesays.com\/ee\/wp-json\/wp\/v2\/posts\/115003","targetHints":{"allow":["GET"]}}],"collection":[{"href":"https:\/\/www.europesays.com\/ee\/wp-json\/wp\/v2\/posts"}],"about":[{"href":"https:\/\/www.europesays.com\/ee\/wp-json\/wp\/v2\/types\/post"}],"author":[{"embeddable":true,"href":"https:\/\/www.europesays.com\/ee\/wp-json\/wp\/v2\/users\/2"}],"replies":[{"embeddable":true,"href":"https:\/\/www.europesays.com\/ee\/wp-json\/wp\/v2\/comments?post=115003"}],"version-history":[{"count":0,"href":"https:\/\/www.europesays.com\/ee\/wp-json\/wp\/v2\/posts\/115003\/revisions"}],"wp:featuredmedia":[{"embeddable":true,"href":"https:\/\/www.europesays.com\/ee\/wp-json\/wp\/v2\/media\/115004"}],"wp:attachment":[{"href":"https:\/\/www.europesays.com\/ee\/wp-json\/wp\/v2\/media?parent=115003"}],"wp:term":[{"taxonomy":"category","embeddable":true,"href":"https:\/\/www.europesays.com\/ee\/wp-json\/wp\/v2\/categories?post=115003"},{"taxonomy":"post_tag","embeddable":true,"href":"https:\/\/www.europesays.com\/ee\/wp-json\/wp\/v2\/tags?post=115003"}],"curies":[{"name":"wp","href":"https:\/\/api.w.org\/{rel}","templated":true}]}}