{"id":115086,"date":"2026-02-24T18:55:07","date_gmt":"2026-02-24T18:55:07","guid":{"rendered":"https:\/\/www.europesays.com\/ee\/115086\/"},"modified":"2026-02-24T18:55:07","modified_gmt":"2026-02-24T18:55:07","slug":"jalgpallitahte-hakimit-suudistatakse-vagistamises","status":"publish","type":"post","link":"https:\/\/www.europesays.com\/ee\/115086\/","title":{"rendered":"Jalgpallit\u00e4hte Hakimit s\u00fc\u00fcdistatakse v\u00e4gistamises"},"content":{"rendered":"<p>BBC teatel s\u00fc\u00fcdistatakse Hakimid \u00fche naise v\u00e4idetavas v\u00e4gistamises viimase kodus Pariisis 2023. aastal, kui naine oli 24-aastane. Hakimi eitab k\u00f5iki s\u00fc\u00fcdistusi.<\/p>\n<p>Pariisi l\u00e4\u00e4neosas Nanterre\u2019is asuv prokuratuur alustas eeluurimist 2023. aasta m\u00e4rtsis. \u00abT\u00e4na on v\u00e4gistamiss\u00fc\u00fcdistus piisav, et \u00f5igustada kohtuprotsessi,\u00bb postitas Hakimi sotsiaalmeedias.<\/p>\n<p>\u00abSee on sama eba\u00f5iglane nii s\u00fc\u00fctute kui ka t\u00f5eliste ohvrite suhtes. Ootan rahulikult kohtuprotsessi, mis v\u00f5imaldab t\u00f5el avalikult v\u00e4lja tulla.\u00bb<\/p>\n<p>Kohtuprotsessi kuup\u00e4eva pole veel m\u00e4\u00e4ratud, kuid Hakimi advokaat kinnitas, et see on planeeritud ja oodatakse otsusekindlalt, et \u00f5iglus saaks jalule seatud.<\/p>\n<p>Paris Saint-Germain v\u00f5\u00f5rustab kolmap\u00e4eval Meistrite Liiga play-off\u2019i kordusm\u00e4ngus AS Monacot. Hakimi kuulub PSG esialgsesse koosseisu, mis avaldati eelmisel teisip\u00e4eval.<\/p>\n<p>27-aastane m\u00e4ngija on s\u00fcndinud Madridis, kuid esindab Marokot ja on teinud Paris Saint-Germaini eest 194 m\u00e4ngu, v\u00f5ites eelmisel hooajal Meistrite Liiga ja Prantsusmaa k\u00f5rgliiga tiitlid.<\/p>\n<p>Maroko kohtub sel suvel 2026. aasta MM-finaalturniiri alagrupifaasis \u0160otimaa, Haiti ja Brasiiliaga.<\/p>\n","protected":false},"excerpt":{"rendered":"BBC teatel s\u00fc\u00fcdistatakse Hakimid \u00fche naise v\u00e4idetavas v\u00e4gistamises viimase kodus Pariisis 2023. aastal, kui naine oli 24-aastane. Hakimi&hellip;\n","protected":false},"author":2,"featured_media":115087,"comment_status":"","ping_status":"","sticky":false,"template":"","format":"standard","meta":{"footnotes":"","_share_on_mastodon":"0"},"categories":[18],"tags":[23216,37,33,35,34,36,18031,159,158],"class_list":["post-115086","post","type-post","status-publish","format-standard","has-post-thumbnail","category-sport","tag-achraf-hakimi","tag-ee","tag-eesti","tag-eesti-keel","tag-estonia","tag-estonian","tag-paris-saint-germain","tag-sport","tag-sports"],"share_on_mastodon":{"url":"https:\/\/pubeurope.com\/@ee\/116127132712495057","error":""},"_links":{"self":[{"href":"https:\/\/www.europesays.com\/ee\/wp-json\/wp\/v2\/posts\/115086","targetHints":{"allow":["GET"]}}],"collection":[{"href":"https:\/\/www.europesays.com\/ee\/wp-json\/wp\/v2\/posts"}],"about":[{"href":"https:\/\/www.europesays.com\/ee\/wp-json\/wp\/v2\/types\/post"}],"author":[{"embeddable":true,"href":"https:\/\/www.europesays.com\/ee\/wp-json\/wp\/v2\/users\/2"}],"replies":[{"embeddable":true,"href":"https:\/\/www.europesays.com\/ee\/wp-json\/wp\/v2\/comments?post=115086"}],"version-history":[{"count":0,"href":"https:\/\/www.europesays.com\/ee\/wp-json\/wp\/v2\/posts\/115086\/revisions"}],"wp:featuredmedia":[{"embeddable":true,"href":"https:\/\/www.europesays.com\/ee\/wp-json\/wp\/v2\/media\/115087"}],"wp:attachment":[{"href":"https:\/\/www.europesays.com\/ee\/wp-json\/wp\/v2\/media?parent=115086"}],"wp:term":[{"taxonomy":"category","embeddable":true,"href":"https:\/\/www.europesays.com\/ee\/wp-json\/wp\/v2\/categories?post=115086"},{"taxonomy":"post_tag","embeddable":true,"href":"https:\/\/www.europesays.com\/ee\/wp-json\/wp\/v2\/tags?post=115086"}],"curies":[{"name":"wp","href":"https:\/\/api.w.org\/{rel}","templated":true}]}}