{"id":115092,"date":"2026-02-24T19:16:10","date_gmt":"2026-02-24T19:16:10","guid":{"rendered":"https:\/\/www.europesays.com\/ee\/115092\/"},"modified":"2026-02-24T19:16:10","modified_gmt":"2026-02-24T19:16:10","slug":"fotod-toelised-kaunitarid-an-marlen-vottis-presidendi-vastuvotule-kaasa-ema-angelika-miku","status":"publish","type":"post","link":"https:\/\/www.europesays.com\/ee\/115092\/","title":{"rendered":"FOTOD | T\u00f5elised kaunitarid! An-Marlen v\u00f5ttis presidendi vastuv\u00f5tule kaasa ema Angelika Miku"},"content":{"rendered":"<p>An-Marlen tuli 108. Eesti Vabariigi s\u00fcnnip\u00e4evale koos ooperilauljast ema Angelika Mikuga. Lauljataride kleitide v\u00e4rvid sulandusid h\u00e4sti kokku. <\/p>\n<p>Tihtipeale julgete riietustega avalikel \u00fcritustel \u00fcllatav An-Marlen j\u00e4i seekord oma kleidivalikuga siiski tagasihoidlikuks. Hoopis rohkem p\u00fc\u00fcdis pilke Angelika Miku avara dekolteega kleit.<\/p>\n<p><img decoding=\"async\" src=\"https:\/\/www.europesays.com\/ee\/wp-content\/uploads\/2026\/02\/3d7bd4b1-5e5a-4315-abf1-45a2d76f230e.jpg\" loading=\"lazy\" alt=\"An-Marlen ja Angelika Mikk\"\/><img decoding=\"async\" src=\"https:\/\/www.europesays.com\/ee\/wp-content\/uploads\/2026\/02\/6b9ef1f6-c551-4d90-879f-bc5824ed8e32.jpg\" loading=\"lazy\" alt=\"An-Marlen ja Angelika Mikk\"\/><\/p>\n<p>An-Marlen s\u00f5nas jaanuari l\u00f5pus toimunud Eesti Muusikaauhindadel, et arvatavasti ilma Eesti Laul 2025 osalemiseta ta aasta naisartisti auhinda poleks saanud. Just seal k\u00f5lanud pala \u201eK\u00fclm\u201c sai aasta \u00fcheks suurimaks raadiohitiks ning t\u00f5i talle laiema tuntuse. <\/p>\n<p>P\u00e4rast seda, kui ta oli auhinna k\u00e4tte saanud, pidi ta laval pisaratega v\u00f5itlema. \u201eMa olin k\u00f5ne valmis kirjutanud ja kuidagi v\u00e4ga enesekindlalt arvasin, et ma kindlasti nutma ei hakka,\u201c meenutas ta oma m\u00f5tteid, kuid p\u00e4rast seda, kui ta n\u00e4gi tema ees olnud inimesi, eriti oma vanemaid, said emotsioonid temast v\u00f5itu.<\/p>\n<p>Kuidas see lugu Sind end tundma pani? Saada <a href=\"https:\/\/kroonika.delfi.ee\/artikkel\/120438443\/fotod-toelised-kaunitarid-an-marlen-vottis-presidendi-vastuvotule-kaasa-ema-angelika-miku\/kommentaarid\" class=\"article-body-bottom__comment article-body-bottom__comment--write button button--primary button--size-auto\" rel=\"nofollow noopener\" target=\"_blank\"> Kommenteeri <\/a><a href=\"https:\/\/kroonika.delfi.ee\/artikkel\/120438443\/fotod-toelised-kaunitarid-an-marlen-vottis-presidendi-vastuvotule-kaasa-ema-angelika-miku\/kommentaarid\" class=\"article-body-bottom__comment article-body-bottom__comment--read button button--size-auto\" rel=\"nofollow noopener\" target=\"_blank\"> Loe kommentaare (1)<\/a><\/p>\n","protected":false},"excerpt":{"rendered":"An-Marlen tuli 108. Eesti Vabariigi s\u00fcnnip\u00e4evale koos ooperilauljast ema Angelika Mikuga. Lauljataride kleitide v\u00e4rvid sulandusid h\u00e4sti kokku. Tihtipeale&hellip;\n","protected":false},"author":2,"featured_media":115093,"comment_status":"","ping_status":"","sticky":false,"template":"","format":"standard","meta":{"footnotes":"","_share_on_mastodon":"0"},"categories":[16],"tags":[221,29523,37,33,35,173,34,36,140],"class_list":["post-115092","post","type-post","status-publish","format-standard","has-post-thumbnail","category-meelelahutus","tag-an-marlen","tag-angelika-mikk","tag-ee","tag-eesti","tag-eesti-keel","tag-entertainment","tag-estonia","tag-estonian","tag-meelelahutus"],"share_on_mastodon":{"url":"https:\/\/pubeurope.com\/@ee\/116127215417365230","error":""},"_links":{"self":[{"href":"https:\/\/www.europesays.com\/ee\/wp-json\/wp\/v2\/posts\/115092","targetHints":{"allow":["GET"]}}],"collection":[{"href":"https:\/\/www.europesays.com\/ee\/wp-json\/wp\/v2\/posts"}],"about":[{"href":"https:\/\/www.europesays.com\/ee\/wp-json\/wp\/v2\/types\/post"}],"author":[{"embeddable":true,"href":"https:\/\/www.europesays.com\/ee\/wp-json\/wp\/v2\/users\/2"}],"replies":[{"embeddable":true,"href":"https:\/\/www.europesays.com\/ee\/wp-json\/wp\/v2\/comments?post=115092"}],"version-history":[{"count":0,"href":"https:\/\/www.europesays.com\/ee\/wp-json\/wp\/v2\/posts\/115092\/revisions"}],"wp:featuredmedia":[{"embeddable":true,"href":"https:\/\/www.europesays.com\/ee\/wp-json\/wp\/v2\/media\/115093"}],"wp:attachment":[{"href":"https:\/\/www.europesays.com\/ee\/wp-json\/wp\/v2\/media?parent=115092"}],"wp:term":[{"taxonomy":"category","embeddable":true,"href":"https:\/\/www.europesays.com\/ee\/wp-json\/wp\/v2\/categories?post=115092"},{"taxonomy":"post_tag","embeddable":true,"href":"https:\/\/www.europesays.com\/ee\/wp-json\/wp\/v2\/tags?post=115092"}],"curies":[{"name":"wp","href":"https:\/\/api.w.org\/{rel}","templated":true}]}}