{"id":115124,"date":"2026-02-24T20:23:10","date_gmt":"2026-02-24T20:23:10","guid":{"rendered":"https:\/\/www.europesays.com\/ee\/115124\/"},"modified":"2026-02-24T20:23:10","modified_gmt":"2026-02-24T20:23:10","slug":"psg-ja-maroko-vutikoondise-staari-suudistatakse-vagistamises-soccernet-ee","status":"publish","type":"post","link":"https:\/\/www.europesays.com\/ee\/115124\/","title":{"rendered":"PSG ja Maroko vutikoondise staari s\u00fc\u00fcdistatakse v\u00e4gistamises &#8211; Soccernet.ee"},"content":{"rendered":"<p><img decoding=\"async\" src=\"https:\/\/www.europesays.com\/ee\/wp-content\/uploads\/2026\/02\/1771958657.jpg\" alt=\"Achraf Hakimi. Foto: Scanpix \/ Bertrand Guay \/ AFP\"\/>&#13;\n<\/p>\n<p>Pariisi Saint-Germaini ja Maroko koondise \u00e4\u00e4rekaitsja Achraf Hakimi andis sotsiaalmeedia vahendusel m\u00e4rku, et tema vastu esitati v\u00e4gistamiss\u00fc\u00fcdistus ning ta peab kohtu ette astuma.\u00a0<\/p>\n<p>BBC andmetel s\u00fc\u00fcdistatakse Maroko koondise kaptenit selles, et ta v\u00e4gistas 2023. aastal oma kodus Prantsusmaal 24-aastast naist. K\u00fcll aga eitab vutim\u00e4ngija k\u00f5iki s\u00fc\u00fcdistusi. Eeluurimist alustas 2023. aasta m\u00e4rtsis Pariisi l\u00e4\u00e4nepoolses eeslinnas Nanterre&#8217;is asuv prokuratuur.\u00a0&#13;\n<\/p>\n<p>&#8220;T\u00e4nap\u00e4eval piisab v\u00e4gistamiss\u00fc\u00fcdistusest, et \u00f5igustada kohtuprotsessi,&#8221; pajatas Hakimi sotsiaalmeediaplatvormil X. &#8220;See on sama eba\u00f5iglane s\u00fc\u00fctute kui ka t\u00f5eliste ohvrite suhtes. Ootan rahulikult kohtuprotsessi, mis v\u00f5imaldab t\u00f5el avalikult p\u00e4evavalgele tulla,&#8221; j\u00e4tkas pallur.\u00a0&#13;\n<\/p>\n<p>Kohtuprotsessi kuup\u00e4eva pole seni veel m\u00e4\u00e4ratud, ent vutit\u00e4he advokaat kinnitas, et kohtuprotsess on planeeritud ning \u00f5igluse jalule seadmist oodatakse kindlameelselt.\u00a0<\/p>\n<p>PSG v\u00f5\u00f5rustab kolmap\u00e4eval Meistrite liiga play-off&#8217;i korduskohtumises Monacot. Hakimi nimi oli kirjas PSG esialgses koosseisus, mis avaldati m\u00f6\u00f6dunud teisip\u00e4eval. 27-aastane Hakimi s\u00fcndis Hispaanias, kuid esindab Marokot. Ta on Paris Saint-Germaini eest pidanud 194 m\u00e4ngu ning v\u00f5itis eelmisel hooajal nii Meistrite liiga kui ka Prantsusmaa k\u00f5rgliiga.&#13;\n<\/p>\n<blockquote class=\"twitter-tweet\"><p>&#13;<\/p>\n<p lang=\"art\" dir=\"ltr\">\ud83e\uddcf\ud83c\udffd\u200d\u2642\ufe0f\ud83e\udd37\ud83c\udffd\u200d\u2642\ufe0f <a href=\"https:\/\/t.co\/a7WoBGmdSH\" rel=\"nofollow\">https:\/\/t.co\/a7WoBGmdSH<\/a>&#13;<br \/>\n\u2014 Achraf Hakimi (@AchrafHakimi) <a href=\"https:\/\/twitter.com\/AchrafHakimi\/status\/2026341696791867473?ref_src=twsrc%5Etfw\" rel=\"nofollow noopener\" target=\"_blank\">February 24, 2026<\/a><\/p>\n<\/blockquote>\n<p>          <script async src=\"https:\/\/platform.twitter.com\/widgets.js\" charset=\"utf-8\"><\/script><\/p>\n","protected":false},"excerpt":{"rendered":"&#13; Pariisi Saint-Germaini ja Maroko koondise \u00e4\u00e4rekaitsja Achraf Hakimi andis sotsiaalmeedia vahendusel m\u00e4rku, et tema vastu esitati v\u00e4gistamiss\u00fc\u00fcdistus&hellip;\n","protected":false},"author":2,"featured_media":115125,"comment_status":"","ping_status":"","sticky":false,"template":"","format":"standard","meta":{"footnotes":"","_share_on_mastodon":"0"},"categories":[18],"tags":[23216,37,33,35,34,36,23219,1190,2452,52,2528,159,158],"class_list":["post-115124","post","type-post","status-publish","format-standard","has-post-thumbnail","category-sport","tag-achraf-hakimi","tag-ee","tag-eesti","tag-eesti-keel","tag-estonia","tag-estonian","tag-hakimi","tag-meistrite-liiga","tag-pariisi-saint-germain","tag-prantsusmaa","tag-psg","tag-sport","tag-sports"],"share_on_mastodon":{"url":"https:\/\/pubeurope.com\/@ee\/116127478809860480","error":""},"_links":{"self":[{"href":"https:\/\/www.europesays.com\/ee\/wp-json\/wp\/v2\/posts\/115124","targetHints":{"allow":["GET"]}}],"collection":[{"href":"https:\/\/www.europesays.com\/ee\/wp-json\/wp\/v2\/posts"}],"about":[{"href":"https:\/\/www.europesays.com\/ee\/wp-json\/wp\/v2\/types\/post"}],"author":[{"embeddable":true,"href":"https:\/\/www.europesays.com\/ee\/wp-json\/wp\/v2\/users\/2"}],"replies":[{"embeddable":true,"href":"https:\/\/www.europesays.com\/ee\/wp-json\/wp\/v2\/comments?post=115124"}],"version-history":[{"count":0,"href":"https:\/\/www.europesays.com\/ee\/wp-json\/wp\/v2\/posts\/115124\/revisions"}],"wp:featuredmedia":[{"embeddable":true,"href":"https:\/\/www.europesays.com\/ee\/wp-json\/wp\/v2\/media\/115125"}],"wp:attachment":[{"href":"https:\/\/www.europesays.com\/ee\/wp-json\/wp\/v2\/media?parent=115124"}],"wp:term":[{"taxonomy":"category","embeddable":true,"href":"https:\/\/www.europesays.com\/ee\/wp-json\/wp\/v2\/categories?post=115124"},{"taxonomy":"post_tag","embeddable":true,"href":"https:\/\/www.europesays.com\/ee\/wp-json\/wp\/v2\/tags?post=115124"}],"curies":[{"name":"wp","href":"https:\/\/api.w.org\/{rel}","templated":true}]}}