{"id":115237,"date":"2026-02-25T01:00:08","date_gmt":"2026-02-25T01:00:08","guid":{"rendered":"https:\/\/www.europesays.com\/ee\/115237\/"},"modified":"2026-02-25T01:00:08","modified_gmt":"2026-02-25T01:00:08","slug":"afcon-i-finaalis-mollanud-fannid-pisteti-trellide-taha-senegali-peaminister-see-on-kahetsusvaarne-soccernet-ee","status":"publish","type":"post","link":"https:\/\/www.europesays.com\/ee\/115237\/","title":{"rendered":"AFCON-i finaalis m\u00f6llanud f\u00e4nnid pisteti trellide taha. Senegali peaminister: see on kahetsusv\u00e4\u00e4rne &#8211; Soccernet.ee"},"content":{"rendered":"<p><img decoding=\"async\" src=\"https:\/\/www.europesays.com\/ee\/wp-content\/uploads\/2026\/02\/1771969366.jpg\" alt=\"Senegali poolehoidjad. Foto: Scanpix \/ Jerome Favre \/ EPA\"\/>&#13;\n<\/p>\n<p>Aafrika Rahvaste Karika finaali rahutustes osalenud 18 Senegali kodanikku asuvad kandma vanglakaristust. Senegali peaminister Ousmane Sonko tunnistas, et selline toimimine on kahetsusv\u00e4\u00e4rne.\u00a0<br \/>&#13;\n<\/p>\n<p>Senegali f\u00e4nnid peeti kinni p\u00e4rast seda, kui neid s\u00fc\u00fcdistati v\u00e4givallatsemises turvameeste vastu ning kahju tekitamises 18. jaanuaril peetud finaalis. Rahutused said alguse olukorra j\u00e4rel, mil Marokole m\u00e4\u00e4rati kohtumise \u00fcleminutitel penalti ning osa Senegali poolehoidjatest \u00fcritas v\u00e4ljakule tormata.\u00a0&#13;\n<\/p>\n<p>M\u00f6\u00f6dunud neljap\u00e4eval m\u00e4\u00e4ras Maroko pealinna kohus 18 kodanikule vanglakaristused, mis ulatuvad kuuest kuust kuni \u00fche aastani. Lisaks m\u00e4\u00e4ratakse neile ka trahvid, mis v\u00f5ivad k\u00fc\u00fcndida pea 500 euroni. M\u00f5nele osalisele olevat taotletud ka maksimaalset kaheaastast vanglakaristust, teatab BBC.\u00a0&#13;\n<\/p>\n<p>Senegali peaminister Ousmane Sonko taunis kohtu k\u00e4itumist. &#8220;Tundub, et see k\u00fcsimus on v\u00e4ljunud spordi raamidest ning see on kahetsusv\u00e4\u00e4rne,&#8221; \u00fctles ta parlamendis. &#8220;Kahe riigi vahel, kes nimetavad teineteist s\u00f5pradeks, nagu Maroko ja Senegal, ei oleks asjad pidanud nii kaugele minema,&#8221; lisas ta.\u00a0<\/p>\n<p>K\u00f5ik 18 m\u00e4ssajat eitasid s\u00fc\u00fcd. Sonko s\u00f5nul ei austa Maroko juhtumi k\u00e4sitlemisel kahe riigi suhteid ning lisas, et Senegal on teinud k\u00f5ik v\u00f5imaliku, et oma riigi kodanikke vabastada.\u00a0                         <\/p>\n","protected":false},"excerpt":{"rendered":"&#13; Aafrika Rahvaste Karika finaali rahutustes osalenud 18 Senegali kodanikku asuvad kandma vanglakaristust. Senegali peaminister Ousmane Sonko tunnistas,&hellip;\n","protected":false},"author":2,"featured_media":115238,"comment_status":"","ping_status":"","sticky":false,"template":"","format":"standard","meta":{"footnotes":"","_share_on_mastodon":"0"},"categories":[18],"tags":[22600,27917,37,33,35,34,36,11852,54141,10384,159,158],"class_list":["post-115237","post","type-post","status-publish","format-standard","has-post-thumbnail","category-sport","tag-aafrika-rahvaste-karikas","tag-afcon","tag-ee","tag-eesti","tag-eesti-keel","tag-estonia","tag-estonian","tag-maroko","tag-ousmane-sonko","tag-senegal","tag-sport","tag-sports"],"share_on_mastodon":{"url":"https:\/\/pubeurope.com\/@ee\/116128567968569302","error":""},"_links":{"self":[{"href":"https:\/\/www.europesays.com\/ee\/wp-json\/wp\/v2\/posts\/115237","targetHints":{"allow":["GET"]}}],"collection":[{"href":"https:\/\/www.europesays.com\/ee\/wp-json\/wp\/v2\/posts"}],"about":[{"href":"https:\/\/www.europesays.com\/ee\/wp-json\/wp\/v2\/types\/post"}],"author":[{"embeddable":true,"href":"https:\/\/www.europesays.com\/ee\/wp-json\/wp\/v2\/users\/2"}],"replies":[{"embeddable":true,"href":"https:\/\/www.europesays.com\/ee\/wp-json\/wp\/v2\/comments?post=115237"}],"version-history":[{"count":0,"href":"https:\/\/www.europesays.com\/ee\/wp-json\/wp\/v2\/posts\/115237\/revisions"}],"wp:featuredmedia":[{"embeddable":true,"href":"https:\/\/www.europesays.com\/ee\/wp-json\/wp\/v2\/media\/115238"}],"wp:attachment":[{"href":"https:\/\/www.europesays.com\/ee\/wp-json\/wp\/v2\/media?parent=115237"}],"wp:term":[{"taxonomy":"category","embeddable":true,"href":"https:\/\/www.europesays.com\/ee\/wp-json\/wp\/v2\/categories?post=115237"},{"taxonomy":"post_tag","embeddable":true,"href":"https:\/\/www.europesays.com\/ee\/wp-json\/wp\/v2\/tags?post=115237"}],"curies":[{"name":"wp","href":"https:\/\/api.w.org\/{rel}","templated":true}]}}