{"id":115269,"date":"2026-02-25T04:21:06","date_gmt":"2026-02-25T04:21:06","guid":{"rendered":"https:\/\/www.europesays.com\/ee\/115269\/"},"modified":"2026-02-25T04:21:06","modified_gmt":"2026-02-25T04:21:06","slug":"saksamaa-loobub-vastuolulisest-rohelisest-kutteseadusest-valismaa","status":"publish","type":"post","link":"https:\/\/www.europesays.com\/ee\/115269\/","title":{"rendered":"Saksamaa loobub vastuolulisest rohelisest k\u00fctteseadusest | V\u00e4lismaa"},"content":{"rendered":"<p>Saksamaal v\u00f5imul olevad konservatiivid ja sotsiaaldemokraadid teatasid teisip\u00e4eval kokkuleppest uue hoonete energiat\u00f5husust k\u00e4sitleva seaduse osas, t\u00fchistades sellega endise keskkonnaministri Robert Habecki koostatud vastuolulise \u00f5igusakti.<\/p>\n<p>Habecki seadus, mida toetasid endise kantsleri Olaf Scholzi koalitsiooni kuulunud rohelised, j\u00f5ustus 2024. aastal ja n\u00e4gi ette, et iga uus k\u00fcttes\u00fcsteem peab t\u00f6\u00f6tama v\u00e4hemalt 65 protsendi ulatuses taastuvenergiaga.<\/p>\n<p>Paljud sakslased pidasid aga ambitsioonikat keskkonnaeesm\u00e4rki kulukaks ja liialt b\u00fcrokraatlikuks, leides, et selle rakendusprotsess on keeruline ja liiga kiire.<\/p>\n<p>&#8220;K\u00f5ik k\u00fctteliigid on n\u00fc\u00fcd taas v\u00f5imalikud,&#8221; \u00fctles konservatiivide parlamendifraktsiooni juht Jens Spahn koos sotsiaaldemokraadist ametivenna Matthias Mierschiga.<\/p>\n<p>Seaduseeln\u00f5u peaks valmima aprilli alguseks ning uus seadus loodetakse vastu v\u00f5tta enne 1. juulit.<\/p>\n<p>&#8220;K\u00fctmine muutub taas eraasjaks,&#8221; m\u00e4rkis Spahn.<\/p>\n<p>&#8220;Inimestel on taas vabadus ise otsustada, kuidas nad oma kodu k\u00fctavad. Me kaotame Robert Habecki vana seaduse piirangud ja tarbetu b\u00fcrokraatia,&#8221; lubas Spahn.<\/p>\n<p>Uue kokkuleppe kohaselt on plaanis kehtestada vaid niinimetatud biokvoot.<\/p>\n<p>N\u00e4iteks gaasik\u00fctte puhul tuleb maagaasile lisada teatud protsent niinimetatud rohegaasi ehk kliimas\u00f5bralikku biometaani.<\/p>\n<p>Alates 2029. aastast peab selle osakaal olema v\u00e4hemalt 10 protsenti ning seda t\u00f5stetakse 2040. aastaks kolmes etapis.<\/p>\n<p>Keskkonnaaktivistid aga kritiseerisid kokkulepet, leides, et Saksamaa riskib j\u00e4\u00e4da maha oma aastateks 2030\u20132045 seatud kliimaeesm\u00e4rkidest.<\/p>\n","protected":false},"excerpt":{"rendered":"Saksamaal v\u00f5imul olevad konservatiivid ja sotsiaaldemokraadid teatasid teisip\u00e4eval kokkuleppest uue hoonete energiat\u00f5husust k\u00e4sitleva seaduse osas, t\u00fchistades sellega endise&hellip;\n","protected":false},"author":2,"featured_media":115270,"comment_status":"","ping_status":"","sticky":false,"template":"","format":"standard","meta":{"footnotes":"","_share_on_mastodon":"0"},"categories":[12],"tags":[26,27,4559,37,33,35,34,36,31,32,21,4326,54147,28,29,19,25,51,54148,23,24,22,20,1012,30],"class_list":["post-115269","post","type-post","status-publish","format-standard","has-post-thumbnail","category-eesti","tag-breaking-news","tag-breakingnews","tag-burokraatia","tag-ee","tag-eesti","tag-eesti-keel","tag-estonia","tag-estonian","tag-featured-news","tag-featurednews","tag-headlines","tag-kliima","tag-kutteliigid","tag-latest-news","tag-latestnews","tag-news","tag-populaarseimad-lood","tag-saksamaa","tag-taskukohasus","tag-top-stories","tag-topstories","tag-uldised-uudised","tag-uudised","tag-valitsus","tag-viimased-uudised"],"share_on_mastodon":{"url":"https:\/\/pubeurope.com\/@ee\/116129358323667437","error":""},"_links":{"self":[{"href":"https:\/\/www.europesays.com\/ee\/wp-json\/wp\/v2\/posts\/115269","targetHints":{"allow":["GET"]}}],"collection":[{"href":"https:\/\/www.europesays.com\/ee\/wp-json\/wp\/v2\/posts"}],"about":[{"href":"https:\/\/www.europesays.com\/ee\/wp-json\/wp\/v2\/types\/post"}],"author":[{"embeddable":true,"href":"https:\/\/www.europesays.com\/ee\/wp-json\/wp\/v2\/users\/2"}],"replies":[{"embeddable":true,"href":"https:\/\/www.europesays.com\/ee\/wp-json\/wp\/v2\/comments?post=115269"}],"version-history":[{"count":0,"href":"https:\/\/www.europesays.com\/ee\/wp-json\/wp\/v2\/posts\/115269\/revisions"}],"wp:featuredmedia":[{"embeddable":true,"href":"https:\/\/www.europesays.com\/ee\/wp-json\/wp\/v2\/media\/115270"}],"wp:attachment":[{"href":"https:\/\/www.europesays.com\/ee\/wp-json\/wp\/v2\/media?parent=115269"}],"wp:term":[{"taxonomy":"category","embeddable":true,"href":"https:\/\/www.europesays.com\/ee\/wp-json\/wp\/v2\/categories?post=115269"},{"taxonomy":"post_tag","embeddable":true,"href":"https:\/\/www.europesays.com\/ee\/wp-json\/wp\/v2\/tags?post=115269"}],"curies":[{"name":"wp","href":"https:\/\/api.w.org\/{rel}","templated":true}]}}