{"id":115335,"date":"2026-02-25T07:13:07","date_gmt":"2026-02-25T07:13:07","guid":{"rendered":"https:\/\/www.europesays.com\/ee\/115335\/"},"modified":"2026-02-25T07:13:07","modified_gmt":"2026-02-25T07:13:07","slug":"hollywoodi-naitleja-martin-shorti-tutar-leiti-kodust-surnuna","status":"publish","type":"post","link":"https:\/\/www.europesays.com\/ee\/115335\/","title":{"rendered":"Hollywoodi n\u00e4itleja Martin Shorti t\u00fctar leiti kodust surnuna"},"content":{"rendered":"<p>Sellistest kom\u00f6\u00f6diafilmidest nagu \u00abPruudi isa\u00bb ja \u00abMarss r\u00fcndab\u00bb tuntud ning paljudes telesarjades kaasa teinud Hollywoodi n\u00e4itlejat Martin Shorti on tabanud trag\u00f6\u00f6dia. N\u00e4itleja 42-aastane lapsendatud t\u00fctar Katherine Hartley Short leiti esmasp\u00e4eva \u00f5htul, 23. veebruaril, oma Hollywood Hillsis asuvast kodust surnuna, vahendab <a target=\"_blank\" rel=\"noopener noreferrer nofollow\" href=\"https:\/\/pagesix.com\/2026\/02\/24\/celebrity-news\/martin-shorts-daughter-katherine-dead-by-apparent-suicide-at-42\/\">Page Six<\/a>.<\/p>\n<p>\u00abS\u00fcgava kurbusega kinnitame Katherine Hartley Shorti lahkumist,\u00bb kinnitas n\u00e4itleja esindaja teisip\u00e4eval v\u00e4ljaandele Page Six. \u00abShorti perekond on sellest kaotusest murtud ning palub sel ajal privaatsust. Katherine&#8217;i armastasid k\u00f5ik ning teda m\u00e4letatakse valguse ja r\u00f5\u00f5mu eest, mida ta maailma t\u00f5i.\u00bb<\/p>\n<p>Esmasp\u00e4eval, California aja j\u00e4rgi kell kell 18.41, tehti Katherine&#8217;i kodust h\u00e4daabik\u00f5ne. S\u00fcndmuskohale j\u00f5udnud p\u00e4\u00e4steametnikud leidsid eest kuulihaavaga naise. Teadaolevalt lahkus Katherine siit ilmast omal soovil.<\/p>\n<p>Katherine oli ametilt ps\u00fchholoog. 2006. aastal sai ta bakalaureuse kraadi New Yorgi \u00fclikoolist, 2010. aastal teenis ta sotsiaalt\u00f6\u00f6taja magistrikraadi. Sotsiaalt\u00f6\u00f6tajana t\u00f6\u00f6tas ta privaatses kliinikus ja poolekohaga tervisekliinikus. Lisaks oli ta ettev\u00f5tja.<\/p>\n<p>Kuigi Katherine elas oma kuulsale isale vaatamata \u00fcsna tagasihoidlikku elu, k\u00e4is ta aeg-ajalt koos Martin Shortiga Hollywoodi suurs\u00fcndmustel. N\u00e4iteks k\u00e4is Katherine 2021. aastal Emmy auhindade eelpeol.<\/p>\n<p>Viimati n\u00e4hti isa-t\u00fctre duot koos avalikkuses 2023. aastal, kui t\u00e4histati Katherine&#8217;i 40. s\u00fcnnip\u00e4eva.<\/p>\n<p>75-aastane Martin Short ja tema abikaasa Nancy Dolman lapsendasid lisaks Katherine&#8217;ile ka kaks poega. 30 aastat abielus olnud paari kooselu katkes 2010. aastal, kui Nancy kaotas v\u00f5itluse v\u00e4higa.<\/p>\n","protected":false},"excerpt":{"rendered":"Sellistest kom\u00f6\u00f6diafilmidest nagu \u00abPruudi isa\u00bb ja \u00abMarss r\u00fcndab\u00bb tuntud ning paljudes telesarjades kaasa teinud Hollywoodi n\u00e4itlejat Martin Shorti&hellip;\n","protected":false},"author":2,"featured_media":115336,"comment_status":"","ping_status":"","sticky":false,"template":"","format":"standard","meta":{"footnotes":"","_share_on_mastodon":"0"},"categories":[16],"tags":[37,33,35,173,34,36,54160,54159,54158,54161,54162,54157,140,54163,9906,49700],"class_list":["post-115335","post","type-post","status-publish","format-standard","has-post-thumbnail","category-meelelahutus","tag-ee","tag-eesti","tag-eesti-keel","tag-entertainment","tag-estonia","tag-estonian","tag-hollywood-hills","tag-hollywoodi-naitleja","tag-katherine-hartley-short","tag-kuulihaav","tag-lapsendatud-tutar","tag-martin-short","tag-meelelahutus","tag-perekonna-tragoodia","tag-psuhholoog","tag-sotsiaaltootaja"],"share_on_mastodon":{"url":"https:\/\/pubeurope.com\/@ee\/116130034722799346","error":""},"_links":{"self":[{"href":"https:\/\/www.europesays.com\/ee\/wp-json\/wp\/v2\/posts\/115335","targetHints":{"allow":["GET"]}}],"collection":[{"href":"https:\/\/www.europesays.com\/ee\/wp-json\/wp\/v2\/posts"}],"about":[{"href":"https:\/\/www.europesays.com\/ee\/wp-json\/wp\/v2\/types\/post"}],"author":[{"embeddable":true,"href":"https:\/\/www.europesays.com\/ee\/wp-json\/wp\/v2\/users\/2"}],"replies":[{"embeddable":true,"href":"https:\/\/www.europesays.com\/ee\/wp-json\/wp\/v2\/comments?post=115335"}],"version-history":[{"count":0,"href":"https:\/\/www.europesays.com\/ee\/wp-json\/wp\/v2\/posts\/115335\/revisions"}],"wp:featuredmedia":[{"embeddable":true,"href":"https:\/\/www.europesays.com\/ee\/wp-json\/wp\/v2\/media\/115336"}],"wp:attachment":[{"href":"https:\/\/www.europesays.com\/ee\/wp-json\/wp\/v2\/media?parent=115335"}],"wp:term":[{"taxonomy":"category","embeddable":true,"href":"https:\/\/www.europesays.com\/ee\/wp-json\/wp\/v2\/categories?post=115335"},{"taxonomy":"post_tag","embeddable":true,"href":"https:\/\/www.europesays.com\/ee\/wp-json\/wp\/v2\/tags?post=115335"}],"curies":[{"name":"wp","href":"https:\/\/api.w.org\/{rel}","templated":true}]}}