{"id":115342,"date":"2026-02-25T07:24:09","date_gmt":"2026-02-25T07:24:09","guid":{"rendered":"https:\/\/www.europesays.com\/ee\/115342\/"},"modified":"2026-02-25T07:24:09","modified_gmt":"2026-02-25T07:24:09","slug":"video-%e2%9f%a9-parnu-laulja-avaldas-isamaalise-singli","status":"publish","type":"post","link":"https:\/\/www.europesays.com\/ee\/115342\/","title":{"rendered":"VIDEO \u27e9 P\u00e4rnu laulja avaldas isamaalise singli"},"content":{"rendered":"<p>Eesti Vabariigi aastap\u00e4eva puhul ilmus P\u00e4rnust p\u00e4rit lauljal ja laulukirjutajal Arabella Saksal isamaaline singel \u00abHoia seda maad\u00bb, mille valmimisse panustas mitu nimekat kohalikku loomeinimest.<\/p>\n<p>\u00abHoia seda maad\u00bb on tundek\u00fcllane akustiline duett, kus k\u00f5lavad Arabella Saksa vokaal ja Robi Salumetsa klaverim\u00e4ng. Loo autorid on Laura Junson ja laulja ise.<\/p>\n","protected":false},"excerpt":{"rendered":"Eesti Vabariigi aastap\u00e4eva puhul ilmus P\u00e4rnust p\u00e4rit lauljal ja laulukirjutajal Arabella Saksal isamaaline singel \u00abHoia seda maad\u00bb, mille&hellip;\n","protected":false},"author":2,"featured_media":115343,"comment_status":"","ping_status":"","sticky":false,"template":"","format":"standard","meta":{"footnotes":"","_share_on_mastodon":"0"},"categories":[16],"tags":[54167,37,33,35,173,6277,34,36,6276,285,140,54165,1421,54166],"class_list":["post-115342","post","type-post","status-publish","format-standard","has-post-thumbnail","category-meelelahutus","tag-arabella-saks","tag-ee","tag-eesti","tag-eesti-keel","tag-entertainment","tag-erko-niit","tag-estonia","tag-estonian","tag-laura-junson","tag-loodus","tag-meelelahutus","tag-neatbiit","tag-parnu","tag-robi-salumets"],"share_on_mastodon":{"url":"https:\/\/pubeurope.com\/@ee\/116130078023439709","error":""},"_links":{"self":[{"href":"https:\/\/www.europesays.com\/ee\/wp-json\/wp\/v2\/posts\/115342","targetHints":{"allow":["GET"]}}],"collection":[{"href":"https:\/\/www.europesays.com\/ee\/wp-json\/wp\/v2\/posts"}],"about":[{"href":"https:\/\/www.europesays.com\/ee\/wp-json\/wp\/v2\/types\/post"}],"author":[{"embeddable":true,"href":"https:\/\/www.europesays.com\/ee\/wp-json\/wp\/v2\/users\/2"}],"replies":[{"embeddable":true,"href":"https:\/\/www.europesays.com\/ee\/wp-json\/wp\/v2\/comments?post=115342"}],"version-history":[{"count":0,"href":"https:\/\/www.europesays.com\/ee\/wp-json\/wp\/v2\/posts\/115342\/revisions"}],"wp:featuredmedia":[{"embeddable":true,"href":"https:\/\/www.europesays.com\/ee\/wp-json\/wp\/v2\/media\/115343"}],"wp:attachment":[{"href":"https:\/\/www.europesays.com\/ee\/wp-json\/wp\/v2\/media?parent=115342"}],"wp:term":[{"taxonomy":"category","embeddable":true,"href":"https:\/\/www.europesays.com\/ee\/wp-json\/wp\/v2\/categories?post=115342"},{"taxonomy":"post_tag","embeddable":true,"href":"https:\/\/www.europesays.com\/ee\/wp-json\/wp\/v2\/tags?post=115342"}],"curies":[{"name":"wp","href":"https:\/\/api.w.org\/{rel}","templated":true}]}}