{"id":115418,"date":"2026-02-25T09:15:06","date_gmt":"2026-02-25T09:15:06","guid":{"rendered":"https:\/\/www.europesays.com\/ee\/115418\/"},"modified":"2026-02-25T09:15:06","modified_gmt":"2026-02-25T09:15:06","slug":"tohoh-%e2%9f%a9-kas-martin-muursepp-jookseb-taas-valjakule","status":"publish","type":"post","link":"https:\/\/www.europesays.com\/ee\/115418\/","title":{"rendered":"TOHOH \u27e9 Kas Martin M\u00fc\u00fcrsepp jookseb taas v\u00e4ljakule?"},"content":{"rendered":"<p>Haljala korvpallurid ei ole pelgalt kanged m\u00e4ngumehed, vaid ka p\u00e4ris heal tasemel n\u00e4itlejad. Vallal on siin m\u00f5ttekoht: tegelikult v\u00e4\u00e4riksid NGU pallurid lausa nimetamist valla esindustrupiks rahvakultuuri valdkonnas.<\/p>\n<p>\u00dches j\u00e4rjekordses videos v\u00f5eti humoorikalt ette treenerit\u00f6\u00f6 valukoht ehk vigastatud m\u00e4ngijad. M\u00fc\u00fcrsepale platsil toimuv ei meeldinud ja oli kiirelt vaja vahetus teha.<\/p>\n<p>Pilk pingile paljastas probleemi. Kes oli l\u00f5hkise kulmuga, kel k\u00e4si kipsis ja kellele tehti \u00fcldse veeni kaudu infusioonravi. Pingi tagumisest otsast piilus l\u00f5puks v\u00e4lja p\u00fcstijalakoomik Tigran, m\u00e4ngus\u00e4rk seljas ja n\u00e4gu pakatamas m\u00e4nguhimust.<\/p>\n<p>Tigran on ka varem mitmes NGU videos figureerinud ja nende p\u00f5hjal neil treeneriga k\u00f5ige paremad suhted pole. Nii pidi ka sel korral M\u00fc\u00fcrsepp tema teenetest loobuma ja m\u00f5tiskles juba selle \u00fcle, et peab ise kossuketsid jalga t\u00f5mbama.<\/p>\n","protected":false},"excerpt":{"rendered":"Haljala korvpallurid ei ole pelgalt kanged m\u00e4ngumehed, vaid ka p\u00e4ris heal tasemel n\u00e4itlejad. Vallal on siin m\u00f5ttekoht: tegelikult&hellip;\n","protected":false},"author":2,"featured_media":115419,"comment_status":"","ping_status":"","sticky":false,"template":"","format":"standard","meta":{"footnotes":"","_share_on_mastodon":"0"},"categories":[18],"tags":[37,33,35,34,36,7337,54201,54202,35675,159,158,21997,54200,8944],"class_list":["post-115418","post","type-post","status-publish","format-standard","has-post-thumbnail","category-sport","tag-ee","tag-eesti","tag-eesti-keel","tag-estonia","tag-estonian","tag-haljala","tag-korvpallurid","tag-muursepp","tag-rahvakultuur","tag-sport","tag-sports","tag-tigran","tag-treeneritoo","tag-vigastused"],"share_on_mastodon":{"url":"https:\/\/pubeurope.com\/@ee\/116130514416799235","error":""},"_links":{"self":[{"href":"https:\/\/www.europesays.com\/ee\/wp-json\/wp\/v2\/posts\/115418","targetHints":{"allow":["GET"]}}],"collection":[{"href":"https:\/\/www.europesays.com\/ee\/wp-json\/wp\/v2\/posts"}],"about":[{"href":"https:\/\/www.europesays.com\/ee\/wp-json\/wp\/v2\/types\/post"}],"author":[{"embeddable":true,"href":"https:\/\/www.europesays.com\/ee\/wp-json\/wp\/v2\/users\/2"}],"replies":[{"embeddable":true,"href":"https:\/\/www.europesays.com\/ee\/wp-json\/wp\/v2\/comments?post=115418"}],"version-history":[{"count":0,"href":"https:\/\/www.europesays.com\/ee\/wp-json\/wp\/v2\/posts\/115418\/revisions"}],"wp:featuredmedia":[{"embeddable":true,"href":"https:\/\/www.europesays.com\/ee\/wp-json\/wp\/v2\/media\/115419"}],"wp:attachment":[{"href":"https:\/\/www.europesays.com\/ee\/wp-json\/wp\/v2\/media?parent=115418"}],"wp:term":[{"taxonomy":"category","embeddable":true,"href":"https:\/\/www.europesays.com\/ee\/wp-json\/wp\/v2\/categories?post=115418"},{"taxonomy":"post_tag","embeddable":true,"href":"https:\/\/www.europesays.com\/ee\/wp-json\/wp\/v2\/tags?post=115418"}],"curies":[{"name":"wp","href":"https:\/\/api.w.org\/{rel}","templated":true}]}}