{"id":115439,"date":"2026-02-25T09:38:09","date_gmt":"2026-02-25T09:38:09","guid":{"rendered":"https:\/\/www.europesays.com\/ee\/115439\/"},"modified":"2026-02-25T09:38:09","modified_gmt":"2026-02-25T09:38:09","slug":"eesti-ikea-poodide-kaive-kasvas-ligi-97-miljoni-euroni-uudised","status":"publish","type":"post","link":"https:\/\/www.europesays.com\/ee\/115439\/","title":{"rendered":"Eesti Ikea poodide k\u00e4ive kasvas ligi 97 miljoni euroni | uudised"},"content":{"rendered":"<p>Eestis Ikea poode pidava Runikon Retaili k\u00e4ive kasvas eelmisel majandusaastal ligi kuue miljoni euro v\u00f5rra ja ulatus ligi 97 miljoni euroni, kasumit teenis ettev\u00f5te 5,6 miljonit eurot.<\/p>\n<p>Runikon Retail t\u00f5i aruandes v\u00e4lja, et eelmisel majandusaastal, mis algas 2024. aasta septembrist ja l\u00f5ppes mullu augusti l\u00f5pus, m\u00f5jutas nende k\u00e4ivet k\u00f5ige enam k\u00f5rge euribor, mis pidurdas kinnisvaraturu aktiivsust ja suurendas laenukulusid.<\/p>\n<p>Ettev\u00f5te m\u00e4rkis, et Eesti leibkonnad on muutunud ettevaatlikumaks, p\u00f5hjuseks geopoliitiline ebakindlus ja aeglustunud majanduskasv. Sellest hoolimata t\u00e4heldab Ikea Eesti poodide pidaja, et inimesed kulutavad rohkem raha kodukontorite loomisele ning korrastavad elutube ning laste- ja magamistube.<\/p>\n<p>Eelmisel aastal oli Runikon Retaili k\u00e4ive 96,957 miljonit eurot, mida oli ligi kuus miljonit eurot rohkem kui eelnenud majandusaastal. Suurem osa m\u00fc\u00fcgitulust tuli m\u00f6\u00f6bli ja valgustite jaem\u00fc\u00fcgist, 30 protsenti k\u00e4ibest andis muude kodutarvete jaem\u00fc\u00fck.<\/p>\n<p>M\u00fc\u00fcgitulust 3,6 protsenti moodustas restoranide ja kohvikute tegevus ning ligi poolteist protsenti muude toidukaupade jaem\u00fc\u00fck. Teenuste m\u00fc\u00fcgi ehk m\u00f6\u00f6blipaigalduse, posti- ja kullerteenuste m\u00fc\u00fcgi osakaal ettev\u00f5tte k\u00e4ibest oli veidi \u00fcle kahe protsendi.<\/p>\n<p>Kasumiks kujunes ligi 5,626 miljonit eurot, mis j\u00e4i eelnenud aasta kasumile alla &#8211; toona oli see ligi 6,673 miljonit eurot.<\/p>\n<p>Ettev\u00f5ttes t\u00f6\u00f6tas aruandeaastal keskmiselt 431 t\u00f6\u00f6tajat, samas kui eelnenud aastal oli neid 435. T\u00f6\u00f6j\u00f5ule kulus Runikon Retailil 13,271 miljonit eurot ja see summa sisaldas lisaks palgakulule ja sotsiaalmaksudele ka rendit\u00f6\u00f6j\u00f5ukulusid ja puhkusereservi muutusi.<\/p>\n<p>K\u00e4esolevaks majandusaastaks planeerib Runikon Retail k\u00e4ibekasvu, sest Eesti majandusele on prognoositud stabiilset kasvu, mis peaks h\u00e4sti m\u00f5juma ka leibkondade ostuj\u00f5ule. Suurim, 1,1 miljoni euro suurune investeering suunatakse t\u00e4navu digivaldkonna arendamisse.<\/p>\n<p>Ikea alustas Eestis tegevust 2019. aastal ning esialgu digitaalselt &#8211; Tallinnas avati planeerimis- ja tellimispunkt. 2021. aastal lisandus Tartu tellimispunkt ning poe avas Rootsis asutatud kontsern Eestis 2022. aastal.<\/p>\n<p>2024. aastal avati Tartus laiendatud pinnaga planeerimisstuudio ning mullu suvel lisandus P\u00e4rnusse Ikea v\u00e4ikepood.<\/p>\n<p>Runikon Retaili emaettev\u00f5tja on Hollandis registeeritud Inter IKEA Retail Holding B.V., mis kuulub Inter IKEA Systems B.V. kontserni.<\/p>\n","protected":false},"excerpt":{"rendered":"Eestis Ikea poode pidava Runikon Retaili k\u00e4ive kasvas eelmisel majandusaastal ligi kuue miljoni euro v\u00f5rra ja ulatus ligi&hellip;\n","protected":false},"author":2,"featured_media":115440,"comment_status":"","ping_status":"","sticky":false,"template":"","format":"standard","meta":{"footnotes":"","_share_on_mastodon":"0"},"categories":[14],"tags":[131,130,37,33,35,34,36,11432,54209,54208],"class_list":["post-115439","post","type-post","status-publish","format-standard","has-post-thumbnail","category-ari","tag-ari","tag-business","tag-ee","tag-eesti","tag-eesti-keel","tag-estonia","tag-estonian","tag-ikea","tag-ikea-kaive","tag-runikon-retail"],"share_on_mastodon":{"url":"https:\/\/pubeurope.com\/@ee\/116130604910911058","error":""},"_links":{"self":[{"href":"https:\/\/www.europesays.com\/ee\/wp-json\/wp\/v2\/posts\/115439","targetHints":{"allow":["GET"]}}],"collection":[{"href":"https:\/\/www.europesays.com\/ee\/wp-json\/wp\/v2\/posts"}],"about":[{"href":"https:\/\/www.europesays.com\/ee\/wp-json\/wp\/v2\/types\/post"}],"author":[{"embeddable":true,"href":"https:\/\/www.europesays.com\/ee\/wp-json\/wp\/v2\/users\/2"}],"replies":[{"embeddable":true,"href":"https:\/\/www.europesays.com\/ee\/wp-json\/wp\/v2\/comments?post=115439"}],"version-history":[{"count":0,"href":"https:\/\/www.europesays.com\/ee\/wp-json\/wp\/v2\/posts\/115439\/revisions"}],"wp:featuredmedia":[{"embeddable":true,"href":"https:\/\/www.europesays.com\/ee\/wp-json\/wp\/v2\/media\/115440"}],"wp:attachment":[{"href":"https:\/\/www.europesays.com\/ee\/wp-json\/wp\/v2\/media?parent=115439"}],"wp:term":[{"taxonomy":"category","embeddable":true,"href":"https:\/\/www.europesays.com\/ee\/wp-json\/wp\/v2\/categories?post=115439"},{"taxonomy":"post_tag","embeddable":true,"href":"https:\/\/www.europesays.com\/ee\/wp-json\/wp\/v2\/tags?post=115439"}],"curies":[{"name":"wp","href":"https:\/\/api.w.org\/{rel}","templated":true}]}}