{"id":115448,"date":"2026-02-25T09:48:07","date_gmt":"2026-02-25T09:48:07","guid":{"rendered":"https:\/\/www.europesays.com\/ee\/115448\/"},"modified":"2026-02-25T09:48:07","modified_gmt":"2026-02-25T09:48:07","slug":"norra-klubi-edulugu-meistrite-liigas-loob-laineid-selline-peabki-jalgpall-olema-postimees-sport","status":"publish","type":"post","link":"https:\/\/www.europesays.com\/ee\/115448\/","title":{"rendered":"Norra klubi edulugu Meistrite liigas l\u00f6\u00f6b laineid: selline peabki jalgpall olema &#8211; Postimees Sport"},"content":{"rendered":"<ol>\n<li><a href=\"https:\/\/news.google.com\/rss\/articles\/CBMitAFBVV95cUxNSEZQaWNlM0FudlVrUU5rbklZSXJicV9laTRkTzBWVTN4cDFwVE5nenhqbGRIcHVUMVoxNmJ6bHNxT01Jck1VWGg4MjU5UkNYaEtfYUxOYXBYNmlTTVNtT3RkUEFCZkJsb2VFb1NfOURxQ3dzUTMydFJoS0h1a2NEWVlGUzZiWkZ0Nkx2Z0tsX1JVQ1o5aHhKZllFOUhnSGhyUDl3czdHOE1FUGxFMkl4d3lEVHE?oc=5\" target=\"_blank\" rel=\"nofollow noopener\">Norra klubi edulugu Meistrite liigas l\u00f6\u00f6b laineid: selline peabki jalgpall olema<\/a>&nbsp;&nbsp;Postimees Sport<\/li>\n<li><a href=\"https:\/\/news.google.com\/rss\/articles\/CBMijwFBVV95cUxQX0owbjhweGg0Ym5GQ2d6X2JOODhVdUhoQ1AwZU9sdW01VGxXaDlJN3N5Sk5ldk80ZkU4clZuanFKYmNVcUtjbkFXS19ZVlgwemVkc2VzR2lwVUFLTGg0S2lxekt0Ui1OMWlacXBtdDR4d3VqWGVyb1RxQWN4Wk1QY1ZwZFVWdldxQVZJVXFUcw?oc=5\" target=\"_blank\" rel=\"nofollow noopener\">Madridi Atletico j\u00f5udis Meistrite liigas taas 16 hulka<\/a>&nbsp;&nbsp;sport | ERR<\/li>\n<li><a href=\"https:\/\/news.google.com\/rss\/articles\/CBMi3AFBVV95cUxNeWJ1WDhRam1iY0d2elZXUzUtMDZqX3N0YTZaRXpGX0hLUEJjTTRJclgyRjEycjZDc2VhR1lfZTFOeS13SkdFY3hqdUxYZ0xQX19JeXQxUkIzcXFGdzhGb210eEpOZFVTMWdLT0VPaHdQZi1EMExlYW9SbWk3THZ1ZHY3ZlR1OGhQLUdReFNsdUtjSFAyMGEzLWFmZ0pyakdkT21aazR1NUc3Qjl6X3FQZlA2SGtEWjdOako5UHdURDItYnV2Z0Nyb3o4NmJ1ZTFQR2s3WnZ2NEdlVlRx?oc=5\" target=\"_blank\" rel=\"nofollow noopener\">JALGPALLIIME POLAARJOONE TAGANT! Norra imemeeskond l\u00fclitas meistrite liigas konkurentsist mulluse finalisti<\/a>&nbsp;&nbsp;\u00d5htuleht<\/li>\n<li><a href=\"https:\/\/news.google.com\/rss\/articles\/CBMitAFBVV95cUxONmx4Q3hyVEdXMnNRa1ZJdHlrV0g4TU5iQWFxeTh6b0JrSE41cTl6dmpEWm5QVkE3NG54eTFvVnR5a2ZmdTVsN0paVWFLbkZpdVF6OWE5b0xWUF9zWUpiSnpmRW9vQ3lKVXRqaHFhRFFiZlNmNmVNbWUyeEdxU1V6TXZreEJmNk1lYXpjZGNXX3NjRWtSWktOZ25ucFVlNWxFbElIUTh4U3pmT3RDQmZzUkJWSTE?oc=5\" target=\"_blank\" rel=\"nofollow noopener\">MEISTRITE LIIGA \u27e9 Norra klubi kukutas mulluse finalisti ja p\u00e4\u00e4ses 16 parema sekka<\/a>&nbsp;&nbsp;Postimees Sport<\/li>\n<li><a href=\"https:\/\/news.google.com\/rss\/articles\/CBMixwFBVV95cUxQTXNKbUZvLWJjTGJ0X0h4ZnFHQWlITkUzcWdhNmU5a1RoMVpTUWEybkt2bHZWRTBsUHdpMElwT0FEaTRKY3FTRzAySjhFSEp5aUlITkpId3BUcjlTeW9tQlBXSjNpSzYzdEt5bmRocWZ3dVpfOEl6N1FJOXluck5kSFA2dzVrU1NIRjVSdXRfc0VQcTBBMlRucWxRcXM5UmV1SFFwSHVmWXV1eXMzb3FZcDZnQnp5UENINE5NbzRQdnNPdlM4TV80?oc=5\" target=\"_blank\" rel=\"nofollow noopener\">Kas giganditapja erakordne t\u00e4helend j\u00e4tkub? Bod\u00f6\/Glimti keskv\u00e4ljamees: tunneme, nagu elaksime unen\u00e4os<\/a>&nbsp;&nbsp;Soccernet.ee<\/li>\n<\/ol>\n","protected":false},"excerpt":{"rendered":"Norra klubi edulugu Meistrite liigas l\u00f6\u00f6b laineid: selline peabki jalgpall olema&nbsp;&nbsp;Postimees Sport Madridi Atletico j\u00f5udis Meistrite liigas taas&hellip;\n","protected":false},"author":2,"featured_media":115449,"comment_status":"","ping_status":"","sticky":false,"template":"","format":"standard","meta":{"footnotes":"","_share_on_mastodon":"0"},"categories":[18],"tags":[37,33,35,34,36,159,158,54210],"class_list":["post-115448","post","type-post","status-publish","format-standard","has-post-thumbnail","category-sport","tag-ee","tag-eesti","tag-eesti-keel","tag-estonia","tag-estonian","tag-sport","tag-sports","tag-thierry-henry"],"share_on_mastodon":{"url":"https:\/\/pubeurope.com\/@ee\/116130644190821991","error":""},"_links":{"self":[{"href":"https:\/\/www.europesays.com\/ee\/wp-json\/wp\/v2\/posts\/115448","targetHints":{"allow":["GET"]}}],"collection":[{"href":"https:\/\/www.europesays.com\/ee\/wp-json\/wp\/v2\/posts"}],"about":[{"href":"https:\/\/www.europesays.com\/ee\/wp-json\/wp\/v2\/types\/post"}],"author":[{"embeddable":true,"href":"https:\/\/www.europesays.com\/ee\/wp-json\/wp\/v2\/users\/2"}],"replies":[{"embeddable":true,"href":"https:\/\/www.europesays.com\/ee\/wp-json\/wp\/v2\/comments?post=115448"}],"version-history":[{"count":0,"href":"https:\/\/www.europesays.com\/ee\/wp-json\/wp\/v2\/posts\/115448\/revisions"}],"wp:featuredmedia":[{"embeddable":true,"href":"https:\/\/www.europesays.com\/ee\/wp-json\/wp\/v2\/media\/115449"}],"wp:attachment":[{"href":"https:\/\/www.europesays.com\/ee\/wp-json\/wp\/v2\/media?parent=115448"}],"wp:term":[{"taxonomy":"category","embeddable":true,"href":"https:\/\/www.europesays.com\/ee\/wp-json\/wp\/v2\/categories?post=115448"},{"taxonomy":"post_tag","embeddable":true,"href":"https:\/\/www.europesays.com\/ee\/wp-json\/wp\/v2\/tags?post=115448"}],"curies":[{"name":"wp","href":"https:\/\/api.w.org\/{rel}","templated":true}]}}