{"id":115458,"date":"2026-02-25T09:59:09","date_gmt":"2026-02-25T09:59:09","guid":{"rendered":"https:\/\/www.europesays.com\/ee\/115458\/"},"modified":"2026-02-25T09:59:09","modified_gmt":"2026-02-25T09:59:09","slug":"mark-lajal-loovutas-prantsusmaa-turniiri-avaringis-vaid-neli-geimi","status":"publish","type":"post","link":"https:\/\/www.europesays.com\/ee\/115458\/","title":{"rendered":"Mark Lajal loovutas Prantsusmaa turniiri avaringis vaid neli geimi"},"content":{"rendered":"<p>Lajal alistas teisip\u00e4eva hilis\u00f5htul avaringis Itaalia m\u00e4ngija Jacopo Berrettini (ATP 301.) 6:3, 6:1. Kohtumine kestis vaid tund ja seitse minutit.<\/p>\n<p>Jacopo Berrettini n\u00e4ol on tegemist maailma 57. reketi <a rel=\"noopener nofollow\" target=\"_blank\" href=\"https:\/\/www.delfi.ee\/teema\/87315031\/matteo-berrettini\" tag-id=\"87315031\">Matteo Berrettini<\/a> vennaga. Kui Jacopo karj\u00e4\u00e4ri k\u00f5rgeim edetabelikoht on 298., siis tema vand Matteo oli 2022. aastal koguni maailma kuues reket. 2021. aastal m\u00e4ngis Berrettini Wimbledoni finaalis, kus kaotas Novak Djokovicile.<\/p>\n<p>Lajal servis kohtumise jooksul viis \u00e4ssa ja ei teinud ainsatki topeltviga, Berrettinil kogunes \u00e4ssasid seitse ja topeltvigu neli. Eriti efektiivne oli eilses m\u00e4ngus Lajali esimene palling, mis \u00f5nnestus 54%-liselt ja millelt eestlane v\u00f5itis 95% (21\/22) punktidest. Teiselt servilt v\u00f5itis eestlane 63% (12\/19) punktidest. Berrettini samad n\u00e4itajad olid 61% (28\/46) ja 21% (4\/19). \u00c4ral\u00f6\u00f6gid j\u00e4id Berrettini kasuks 16:13, kuid lihtvigu tegi itaallane 33 ja Lajal vaid kuus. Eesti m\u00e4ngija realiseeris \u00fcheksast murdepallist neli, Berrettini murdepallideni ei j\u00f5udnud.<\/p>\n<p>Turniiril viiendat paigutust omav Lajal l\u00e4heb neljap\u00e4eval teises ringis vastamisi prantslase Pierre-Hugues Herbert\u00b4ga (ATP 182.).<\/p>\n<p>Eesti teine reket <a rel=\"noopener nofollow\" target=\"_blank\" href=\"https:\/\/www.delfi.ee\/teema\/82222533\/daniil-glinka\" tag-id=\"82222533\">Daniil Glinka<\/a> (ATP 171.) osaleb sel n\u00e4dalal \u0160veitsis Lugano ATP Challenger 75 turniiril, kus tal on teine astus. Avaringis kohtub Glinka kolmap\u00e4eval kohaliku \u0160veitsi m\u00e4ngija Dylan Dietrichiga (ATP 1050.)<\/p>\n<p>Kuidas see lugu Sind end tundma pani? Saada <a href=\"https:\/\/sport.delfi.ee\/artikkel\/120438487\/mark-lajal-kaotas-prantsusmaa-turniiri-avaringis-vaid-neli-geimi\/kommentaarid\" class=\"article-body-bottom__comment article-body-bottom__comment--write button button--primary button--size-auto\" rel=\"nofollow noopener\" target=\"_blank\"> Kommenteeri <\/a><a href=\"https:\/\/sport.delfi.ee\/artikkel\/120438487\/mark-lajal-kaotas-prantsusmaa-turniiri-avaringis-vaid-neli-geimi\/kommentaarid\" class=\"article-body-bottom__comment article-body-bottom__comment--read button button--size-auto\" rel=\"nofollow noopener\" target=\"_blank\"> Loe kommentaare <\/a><\/p>\n","protected":false},"excerpt":{"rendered":"Lajal alistas teisip\u00e4eva hilis\u00f5htul avaringis Itaalia m\u00e4ngija Jacopo Berrettini (ATP 301.) 6:3, 6:1. Kohtumine kestis vaid tund ja&hellip;\n","protected":false},"author":2,"featured_media":115459,"comment_status":"","ping_status":"","sticky":false,"template":"","format":"standard","meta":{"footnotes":"","_share_on_mastodon":"0"},"categories":[18],"tags":[2429,556,37,33,35,34,36,557,53303,159,158],"class_list":["post-115458","post","type-post","status-publish","format-standard","has-post-thumbnail","category-sport","tag-atp","tag-daniil-glinka","tag-ee","tag-eesti","tag-eesti-keel","tag-estonia","tag-estonian","tag-mark-lajal","tag-matteo-berrettini","tag-sport","tag-sports"],"share_on_mastodon":{"url":"https:\/\/pubeurope.com\/@ee\/116130687460312095","error":""},"_links":{"self":[{"href":"https:\/\/www.europesays.com\/ee\/wp-json\/wp\/v2\/posts\/115458","targetHints":{"allow":["GET"]}}],"collection":[{"href":"https:\/\/www.europesays.com\/ee\/wp-json\/wp\/v2\/posts"}],"about":[{"href":"https:\/\/www.europesays.com\/ee\/wp-json\/wp\/v2\/types\/post"}],"author":[{"embeddable":true,"href":"https:\/\/www.europesays.com\/ee\/wp-json\/wp\/v2\/users\/2"}],"replies":[{"embeddable":true,"href":"https:\/\/www.europesays.com\/ee\/wp-json\/wp\/v2\/comments?post=115458"}],"version-history":[{"count":0,"href":"https:\/\/www.europesays.com\/ee\/wp-json\/wp\/v2\/posts\/115458\/revisions"}],"wp:featuredmedia":[{"embeddable":true,"href":"https:\/\/www.europesays.com\/ee\/wp-json\/wp\/v2\/media\/115459"}],"wp:attachment":[{"href":"https:\/\/www.europesays.com\/ee\/wp-json\/wp\/v2\/media?parent=115458"}],"wp:term":[{"taxonomy":"category","embeddable":true,"href":"https:\/\/www.europesays.com\/ee\/wp-json\/wp\/v2\/categories?post=115458"},{"taxonomy":"post_tag","embeddable":true,"href":"https:\/\/www.europesays.com\/ee\/wp-json\/wp\/v2\/tags?post=115458"}],"curies":[{"name":"wp","href":"https:\/\/api.w.org\/{rel}","templated":true}]}}