{"id":115467,"date":"2026-02-25T10:04:10","date_gmt":"2026-02-25T10:04:10","guid":{"rendered":"https:\/\/www.europesays.com\/ee\/115467\/"},"modified":"2026-02-25T10:04:10","modified_gmt":"2026-02-25T10:04:10","slug":"lauljanna-an-marleni-sonum-eestlastele-margakem-uksteist","status":"publish","type":"post","link":"https:\/\/www.europesays.com\/ee\/115467\/","title":{"rendered":"Lauljanna An-Marleni s\u00f5num eestlastele: m\u00e4rgakem \u00fcksteist!"},"content":{"rendered":"<p>Muusikaauhindadel aasta naisartisti tiitliga p\u00e4rjatud An-Marleni juured ulatavad Rahvusooper Estonias kolme p\u00f5lvkonda. Ingeli vanaisa Arne Mikk on tuntud lavastaja ja Estonia teatri endine kunstiline juht, ema ooperilaulja Angelika Mikk ja isa Estonias turundusjuhina t\u00f6\u00f6tav Rein Mikk. Ingel on ka ise estoonlane. Ta on Estonias Pipi rollis laval olnud pikki aastaid. <\/p>\n<p><img decoding=\"async\" src=\"https:\/\/www.europesays.com\/ee\/wp-content\/uploads\/2026\/02\/1772013850_968_3d7bd4b1-5e5a-4315-abf1-45a2d76f230e.jpg\" loading=\"lazy\" alt=\"An-Marlen ehk Ingel Marlen Mikk s\u00e4ras presidendi vastuv\u00f5tul koos ooperilauljast ema Angelika Mikuga.\"\/><\/p>\n<p>An-Marlen t\u00f5des Kroonikale antud intervjuus, et tema pidup\u00e4ev algas paraadiga. \u201eK\u00e4isin oma perega paraadil ja \u00fctlen ausalt, et j\u00f5udsin veel enne suurt pidu \u0161opingul k\u00e4ia ja ennast korralikult s\u00e4ttida. \u201eMul on hea meel n\u00fc\u00fcd l\u00f5puks siin (Estonia kontserdimajas \u2013 toim) olla!\u201c<\/p>\n<p>Lauljanna kandis presidendi vastuv\u00f5tul Ketlin Bachmanni loomingut. \u201eMul on v\u00e4ga eriline side selle kleidiga. Ketlin \u00fctles, et tema t\u00fctar tegi selle kleidiga modellideb\u00fc\u00fcdi tema moses\u00f5ul ja seda toredam on mul olla t\u00e4na siin oma emaga,\u201c \u00fctles ta.<\/p>\n<p><img decoding=\"async\" src=\"https:\/\/www.europesays.com\/ee\/wp-content\/uploads\/2026\/02\/1772013850_376_6b9ef1f6-c551-4d90-879f-bc5824ed8e32.jpg\" loading=\"lazy\" alt=\"An-Marlen ja Angelika Mikk\"\/><\/p>\n<p>An-Marlen soovis, et eestlased m\u00e4rkaksid \u00fcksteist rohkem. \u201e\u00dchiskonnas, kus me p\u00e4ris palju istume oma telefonides ja v\u00f5ib olla ei keskendu palju \u00fcksteisele, siis arvan, et see on oluline meelde tuletada, et hoiaksime \u00fcksteist.\u201c<\/p>\n<p>Kuidas see lugu Sind end tundma pani? Saada <a href=\"https:\/\/kroonika.delfi.ee\/artikkel\/120438485\/lauljanna-an-marleni-sonum-eestlastele-markagem-uksteist\/kommentaarid\" class=\"article-body-bottom__comment article-body-bottom__comment--write button button--primary button--size-auto\" rel=\"nofollow noopener\" target=\"_blank\"> Kommenteeri <\/a><a href=\"https:\/\/kroonika.delfi.ee\/artikkel\/120438485\/lauljanna-an-marleni-sonum-eestlastele-markagem-uksteist\/kommentaarid\" class=\"article-body-bottom__comment article-body-bottom__comment--read button button--size-auto\" rel=\"nofollow noopener\" target=\"_blank\"> Loe kommentaare (17)<\/a><\/p>\n","protected":false},"excerpt":{"rendered":"Muusikaauhindadel aasta naisartisti tiitliga p\u00e4rjatud An-Marleni juured ulatavad Rahvusooper Estonias kolme p\u00f5lvkonda. Ingeli vanaisa Arne Mikk on tuntud&hellip;\n","protected":false},"author":2,"featured_media":115468,"comment_status":"","ping_status":"","sticky":false,"template":"","format":"standard","meta":{"footnotes":"","_share_on_mastodon":"0"},"categories":[91],"tags":[221,240,37,33,35,173,34,36,241,140],"class_list":["post-115467","post","type-post","status-publish","format-standard","has-post-thumbnail","category-kuulsused","tag-an-marlen","tag-celebrities","tag-ee","tag-eesti","tag-eesti-keel","tag-entertainment","tag-estonia","tag-estonian","tag-kuulsused","tag-meelelahutus"],"share_on_mastodon":{"url":"https:\/\/pubeurope.com\/@ee\/116130707052207742","error":""},"_links":{"self":[{"href":"https:\/\/www.europesays.com\/ee\/wp-json\/wp\/v2\/posts\/115467","targetHints":{"allow":["GET"]}}],"collection":[{"href":"https:\/\/www.europesays.com\/ee\/wp-json\/wp\/v2\/posts"}],"about":[{"href":"https:\/\/www.europesays.com\/ee\/wp-json\/wp\/v2\/types\/post"}],"author":[{"embeddable":true,"href":"https:\/\/www.europesays.com\/ee\/wp-json\/wp\/v2\/users\/2"}],"replies":[{"embeddable":true,"href":"https:\/\/www.europesays.com\/ee\/wp-json\/wp\/v2\/comments?post=115467"}],"version-history":[{"count":0,"href":"https:\/\/www.europesays.com\/ee\/wp-json\/wp\/v2\/posts\/115467\/revisions"}],"wp:featuredmedia":[{"embeddable":true,"href":"https:\/\/www.europesays.com\/ee\/wp-json\/wp\/v2\/media\/115468"}],"wp:attachment":[{"href":"https:\/\/www.europesays.com\/ee\/wp-json\/wp\/v2\/media?parent=115467"}],"wp:term":[{"taxonomy":"category","embeddable":true,"href":"https:\/\/www.europesays.com\/ee\/wp-json\/wp\/v2\/categories?post=115467"},{"taxonomy":"post_tag","embeddable":true,"href":"https:\/\/www.europesays.com\/ee\/wp-json\/wp\/v2\/tags?post=115467"}],"curies":[{"name":"wp","href":"https:\/\/api.w.org\/{rel}","templated":true}]}}