{"id":115723,"date":"2026-02-25T14:59:07","date_gmt":"2026-02-25T14:59:07","guid":{"rendered":"https:\/\/www.europesays.com\/ee\/115723\/"},"modified":"2026-02-25T14:59:07","modified_gmt":"2026-02-25T14:59:07","slug":"galerii-%e2%9f%a9-hundipea-arenduse-detailplaneering-liikus-sammu-vorra-edasi","status":"publish","type":"post","link":"https:\/\/www.europesays.com\/ee\/115723\/","title":{"rendered":"GALERII \u27e9 Hundipea arenduse detailplaneering liikus sammu v\u00f5rra edasi"},"content":{"rendered":"<p class=\"MsoNormal\">Tallinna linnavalitsus esitas volikogule vastuv\u00f5tmiseks Hundipea p\u00f5hjaosa detailplaneeringu, mis v\u00f5imaldab muuta P\u00f5hja-Tallinnas asuva Paljassaare tee \u00e4\u00e4rse piirkonna senisest kinnisest sadama\u2011 ja tootmisterritooriumist avatud linnaruumiks, kuhu kavandatakse uusi elamuid, ettev\u00f5tluspindu ning rannapromenaadi.<\/p>\n<p class=\"MsoNormal\">Linnaplaneerimise abilinnapea Tiit Teriku (KE) s\u00f5nul loob Paljassaare detailplaneering v\u00f5imaluse avada linlastele \u00fcks seni suletud alasid ning kujundada t\u00f6\u00f6stuskeskkonnast mitmek\u00fclgne ja merele avatud elukeskkond.<\/p>\n","protected":false},"excerpt":{"rendered":"Tallinna linnavalitsus esitas volikogule vastuv\u00f5tmiseks Hundipea p\u00f5hjaosa detailplaneeringu, mis v\u00f5imaldab muuta P\u00f5hja-Tallinnas asuva Paljassaare tee \u00e4\u00e4rse piirkonna senisest&hellip;\n","protected":false},"author":2,"featured_media":115724,"comment_status":"","ping_status":"","sticky":false,"template":"","format":"standard","meta":{"footnotes":"","_share_on_mastodon":"0"},"categories":[12],"tags":[26,27,4993,37,33,35,1641,34,36,31,32,21,54306,46777,28,29,12262,19,33464,38395,25,54305,854,11549,23,24,22,20,30],"class_list":["post-115723","post","type-post","status-publish","format-standard","has-post-thumbnail","category-eesti","tag-breaking-news","tag-breakingnews","tag-detailplaneering","tag-ee","tag-eesti","tag-eesti-keel","tag-ehitamine","tag-estonia","tag-estonian","tag-featured-news","tag-featurednews","tag-headlines","tag-hundipea","tag-k-projekt-as","tag-latest-news","tag-latestnews","tag-liikuvus","tag-news","tag-paljassaare","tag-pohja-tallinna","tag-populaarseimad-lood","tag-rannapromenaad","tag-tallinna-linnavalitsus","tag-tiit-terik","tag-top-stories","tag-topstories","tag-uldised-uudised","tag-uudised","tag-viimased-uudised"],"share_on_mastodon":{"url":"https:\/\/pubeurope.com\/@ee\/116131867065209756","error":""},"_links":{"self":[{"href":"https:\/\/www.europesays.com\/ee\/wp-json\/wp\/v2\/posts\/115723","targetHints":{"allow":["GET"]}}],"collection":[{"href":"https:\/\/www.europesays.com\/ee\/wp-json\/wp\/v2\/posts"}],"about":[{"href":"https:\/\/www.europesays.com\/ee\/wp-json\/wp\/v2\/types\/post"}],"author":[{"embeddable":true,"href":"https:\/\/www.europesays.com\/ee\/wp-json\/wp\/v2\/users\/2"}],"replies":[{"embeddable":true,"href":"https:\/\/www.europesays.com\/ee\/wp-json\/wp\/v2\/comments?post=115723"}],"version-history":[{"count":0,"href":"https:\/\/www.europesays.com\/ee\/wp-json\/wp\/v2\/posts\/115723\/revisions"}],"wp:featuredmedia":[{"embeddable":true,"href":"https:\/\/www.europesays.com\/ee\/wp-json\/wp\/v2\/media\/115724"}],"wp:attachment":[{"href":"https:\/\/www.europesays.com\/ee\/wp-json\/wp\/v2\/media?parent=115723"}],"wp:term":[{"taxonomy":"category","embeddable":true,"href":"https:\/\/www.europesays.com\/ee\/wp-json\/wp\/v2\/categories?post=115723"},{"taxonomy":"post_tag","embeddable":true,"href":"https:\/\/www.europesays.com\/ee\/wp-json\/wp\/v2\/tags?post=115723"}],"curies":[{"name":"wp","href":"https:\/\/api.w.org\/{rel}","templated":true}]}}