{"id":115750,"date":"2026-02-25T15:55:09","date_gmt":"2026-02-25T15:55:09","guid":{"rendered":"https:\/\/www.europesays.com\/ee\/115750\/"},"modified":"2026-02-25T15:55:09","modified_gmt":"2026-02-25T15:55:09","slug":"juhtkiri-%e2%9f%a9-vaike-teodor-tuletas-meelde-tahtsaima-parnu-postimees","status":"publish","type":"post","link":"https:\/\/www.europesays.com\/ee\/115750\/","title":{"rendered":"JUHTKIRI \u27e9 V\u00e4ike Teodor tuletas meelde t\u00e4htsaima &#8211; P\u00e4rnu Postimees"},"content":{"rendered":"<ol>\n<li><a href=\"https:\/\/news.google.com\/rss\/articles\/CBMiiAFBVV95cUxONU0yV0VTZzVUNWFIenBIRnM1dkJwYXA4Vmc4czNPRWZiLWVFOTExVy1BX3BVWmUwQ1o5bEEyNk91UDBpbm9fU0lsUHB6MU43enUxVnA1Q0VLMmNFejlMNzVyOGN4YU1TeHZFcFRiRW4xc0luVXR0dTh2Z1E3T0NiOWh5THZRU0Yw?oc=5\" target=\"_blank\" rel=\"nofollow noopener\">JUHTKIRI \u27e9 V\u00e4ike Teodor tuletas meelde t\u00e4htsaima<\/a>&nbsp;&nbsp;P\u00e4rnu Postimees<\/li>\n<li><a href=\"https:\/\/news.google.com\/rss\/articles\/CBMixwFBVV95cUxOU1JNQnhBbFlQVzRVeS1ZQ3gyeTJxc1V6SnNscFZiRTduSDU3WUdVU0tTcEF3Y1NKZXU4Z2xoZVZEWXVPYmlOcXYtczBKSXlhRE1EME5zb1VrVnlRSU9kSXZzeGU4ZERwVUtxX0Q4bVY2VFdfcmp5T0I3OEFTMzZWc3U4TVNGX1REbHZvMlphRzdFbmRVbGhPM24tM3dESkJzT1BsSWw5UFQ5OHhZYURyWkd2d0UyTktWcGhDUUtMdEFVRkdqeFhv?oc=5\" target=\"_blank\" rel=\"nofollow noopener\">J\u00e4relkaja eestlaste s\u00fcdamesse pugenud Teodorile: \u201eV\u00e4ga \u00e4ge poiss, teda ootab ees suur tulevik.\u201c<\/a>&nbsp;&nbsp;\u00d5htuleht<\/li>\n<li><a href=\"https:\/\/news.google.com\/rss\/articles\/CBMizAFBVV95cUxOMkNhZ1V0ejdlU0c5b2F4Y2dvSDJmazB2YUpiclRCSEVWalFmTGhvN0tranJZTTRYMDhnZnRxc1NEYmhPei1jQjZiQWpiZXpTRjRfMHZmMXlOOEpxMnBSVzRaYjltVFpqMkh6RGFvZFdTS2VLNlc2eHk3VDYwc3ZKTm95eGVQM0tjYW5Ycm5QNFlUX3F4NVpucTcwUlJSdkRTQTd2ZnFGUGVEazBnS2JnR0tRUTF2MDFFNWtzcDRjdnA2TU5XOUpxb2lBWVM?oc=5\" target=\"_blank\" rel=\"nofollow noopener\">Pakendikeskus presidendi vastuv\u00f5tul s\u00e4ranud Teodorist: talle on looduse poolt k\u00f5ik antud<\/a>&nbsp;&nbsp;Kroonika<\/li>\n<li><a href=\"https:\/\/news.google.com\/rss\/articles\/CBMinwFBVV95cUxQblh3cUE4akJ6ZVFGTk1NcUJ5bXlGcXBSZnFOV25tcC1EZ296cG85aTBaVGJrX2ZsQTdSb201eXpxWmhjdHc2U2ZJbnBaakZzeG14aV91d2hHVmJ3RWxzc0t4UjVZc1V3TDhMN3VFbjVlak9HR01waGpJRmxvRThFbGNCU0lHcnY1Z0RNZzRxbVF3ZW15TDlCQzVHOUhKSzA?oc=5\" target=\"_blank\" rel=\"nofollow noopener\">VIDEO | Aastap\u00e4eva kontserdi staar Teodor: t\u00e4na on minu \u00f5nnep\u00e4ev!<\/a>&nbsp;&nbsp;\u00d5htuleht<\/li>\n<li><a href=\"https:\/\/news.google.com\/rss\/articles\/CBMia0FVX3lxTFA1Z3h5WXdiME9NNmtpX1dTb3M0WnN6dXIwTG5Ud2laRmh4dlF5VGhSTjNQSTJXR2ttYVVtY3Z3OWQ2VTVMZjFCRm9BUkR4eU4yX1JmZFhyeHIzUm51Vk5FSXkwOWlrOGtBUkMw?oc=5\" target=\"_blank\" rel=\"nofollow noopener\">Kes on see armas poiss?<\/a>&nbsp;&nbsp;Postimees<\/li>\n<\/ol>\n","protected":false},"excerpt":{"rendered":"JUHTKIRI \u27e9 V\u00e4ike Teodor tuletas meelde t\u00e4htsaima&nbsp;&nbsp;P\u00e4rnu Postimees J\u00e4relkaja eestlaste s\u00fcdamesse pugenud Teodorile: \u201eV\u00e4ga \u00e4ge poiss, teda ootab&hellip;\n","protected":false},"author":2,"featured_media":115135,"comment_status":"","ping_status":"","sticky":false,"template":"","format":"standard","meta":{"footnotes":"","_share_on_mastodon":"0"},"categories":[5],"tags":[29307,1687,26,27,37,33,35,34,36,31,32,21,4959,28,29,19,3831,25,249,54315,23,24,22,20,54314,30],"class_list":["post-115750","post","type-post","status-publish","format-standard","has-post-thumbnail","category-uldised-uudised","tag-aastapaev","tag-alar-karis","tag-breaking-news","tag-breakingnews","tag-ee","tag-eesti","tag-eesti-keel","tag-estonia","tag-estonian","tag-featured-news","tag-featurednews","tag-headlines","tag-kontsert","tag-latest-news","tag-latestnews","tag-news","tag-perepoliitika","tag-populaarseimad-lood","tag-tartu","tag-theodor-van-dijk","tag-top-stories","tag-topstories","tag-uldised-uudised","tag-uudised","tag-vanemlus","tag-viimased-uudised"],"share_on_mastodon":{"url":"https:\/\/pubeurope.com\/@ee\/116132087278267680","error":""},"_links":{"self":[{"href":"https:\/\/www.europesays.com\/ee\/wp-json\/wp\/v2\/posts\/115750","targetHints":{"allow":["GET"]}}],"collection":[{"href":"https:\/\/www.europesays.com\/ee\/wp-json\/wp\/v2\/posts"}],"about":[{"href":"https:\/\/www.europesays.com\/ee\/wp-json\/wp\/v2\/types\/post"}],"author":[{"embeddable":true,"href":"https:\/\/www.europesays.com\/ee\/wp-json\/wp\/v2\/users\/2"}],"replies":[{"embeddable":true,"href":"https:\/\/www.europesays.com\/ee\/wp-json\/wp\/v2\/comments?post=115750"}],"version-history":[{"count":0,"href":"https:\/\/www.europesays.com\/ee\/wp-json\/wp\/v2\/posts\/115750\/revisions"}],"wp:featuredmedia":[{"embeddable":true,"href":"https:\/\/www.europesays.com\/ee\/wp-json\/wp\/v2\/media\/115135"}],"wp:attachment":[{"href":"https:\/\/www.europesays.com\/ee\/wp-json\/wp\/v2\/media?parent=115750"}],"wp:term":[{"taxonomy":"category","embeddable":true,"href":"https:\/\/www.europesays.com\/ee\/wp-json\/wp\/v2\/categories?post=115750"},{"taxonomy":"post_tag","embeddable":true,"href":"https:\/\/www.europesays.com\/ee\/wp-json\/wp\/v2\/tags?post=115750"}],"curies":[{"name":"wp","href":"https:\/\/api.w.org\/{rel}","templated":true}]}}