{"id":115751,"date":"2026-02-25T16:01:06","date_gmt":"2026-02-25T16:01:06","guid":{"rendered":"https:\/\/www.europesays.com\/ee\/115751\/"},"modified":"2026-02-25T16:01:06","modified_gmt":"2026-02-25T16:01:06","slug":"video-mu-lemmikpresident-alar-karise-ootamatu-zest-teenetemarkide-uleandmisel-pani-uhismeedia-kihama","status":"publish","type":"post","link":"https:\/\/www.europesays.com\/ee\/115751\/","title":{"rendered":"VIDEO | \u201eMu lemmikpresident!\u201c Alar Karise ootamatu \u017eest teenetem\u00e4rkide \u00fcleandmisel pani \u00fchismeedia kihama"},"content":{"rendered":"<p>24. veebruaril vahendas ETV m\u00f5ned tunnid enne vabariigi aastap\u00e4eva peo\u00f5htut muu hulgas riiklike teenetem\u00e4rkide \u00fcleandmist. Tegelikult j\u00f5udsid v\u00e4\u00e4rikad teenetem\u00e4rgid omanikeni juba \u00fcle n\u00e4dala tagasi valentinip\u00e4eval, kui president Alar Karis need Rakveres Arvo P\u00e4rdile p\u00fchendatud Ukuaru muusikamajas pidulikult \u00fcle andis. <\/p>\n<p>Teiste seas p\u00e4lvis teenetem\u00e4rgi keskkonnauuringute keskuse keskkonnakeemia peaspetsialist ja veemajanduse teadusp\u00f5hise edendamise eestvedaja Mailis Laht. T\u00e4htsa \u00fcrituse puhul oli Laht t\u00f5mmanud selga punase-valgekirju kleidi, mida ta ilmekalt demonstreeris. Nimelt haaras ta p\u00e4rast teenetem\u00e4rgi saamist seelikusabast kinni ning sirutas selle presidendi k\u00f5rval tehtava foto tarvis enda k\u00f5rvale laiali.<\/p>\n<p>Oled juba tellija?Logi sisse<\/p>\n<p><a href=\"https:\/\/kroonika.delfi.ee\/artikkel\/120438632\/video-mu-lemmikpresident-alar-karise-ootamatu-zest-teenetemarkide-uleandmisel-pani-uhismeedia-kihama\/kommentaarid\" class=\"article-body-bottom__comment article-body-bottom__comment--write button button--primary button--size-auto\" rel=\"nofollow noopener\" target=\"_blank\"> Kommenteeri <\/a><a href=\"https:\/\/kroonika.delfi.ee\/artikkel\/120438632\/video-mu-lemmikpresident-alar-karise-ootamatu-zest-teenetemarkide-uleandmisel-pani-uhismeedia-kihama\/kommentaarid\" class=\"article-body-bottom__comment article-body-bottom__comment--read button button--size-auto\" rel=\"nofollow noopener\" target=\"_blank\"> Loe kommentaare (1)<\/a><\/p>\n","protected":false},"excerpt":{"rendered":"24. veebruaril vahendas ETV m\u00f5ned tunnid enne vabariigi aastap\u00e4eva peo\u00f5htut muu hulgas riiklike teenetem\u00e4rkide \u00fcleandmist. Tegelikult j\u00f5udsid v\u00e4\u00e4rikad&hellip;\n","protected":false},"author":2,"featured_media":115752,"comment_status":"","ping_status":"","sticky":false,"template":"","format":"standard","meta":{"footnotes":"","_share_on_mastodon":"0"},"categories":[16],"tags":[1687,37,33,35,173,34,36,258,14350,23473,9279,140,888],"class_list":["post-115751","post","type-post","status-publish","format-standard","has-post-thumbnail","category-meelelahutus","tag-alar-karis","tag-ee","tag-eesti","tag-eesti-keel","tag-entertainment","tag-estonia","tag-estonian","tag-etv","tag-gaute-kivistik","tag-lauri-saatpalu","tag-maria-faust","tag-meelelahutus","tag-niina-petrokina"],"share_on_mastodon":{"url":"https:\/\/pubeurope.com\/@ee\/116132110867923445","error":""},"_links":{"self":[{"href":"https:\/\/www.europesays.com\/ee\/wp-json\/wp\/v2\/posts\/115751","targetHints":{"allow":["GET"]}}],"collection":[{"href":"https:\/\/www.europesays.com\/ee\/wp-json\/wp\/v2\/posts"}],"about":[{"href":"https:\/\/www.europesays.com\/ee\/wp-json\/wp\/v2\/types\/post"}],"author":[{"embeddable":true,"href":"https:\/\/www.europesays.com\/ee\/wp-json\/wp\/v2\/users\/2"}],"replies":[{"embeddable":true,"href":"https:\/\/www.europesays.com\/ee\/wp-json\/wp\/v2\/comments?post=115751"}],"version-history":[{"count":0,"href":"https:\/\/www.europesays.com\/ee\/wp-json\/wp\/v2\/posts\/115751\/revisions"}],"wp:featuredmedia":[{"embeddable":true,"href":"https:\/\/www.europesays.com\/ee\/wp-json\/wp\/v2\/media\/115752"}],"wp:attachment":[{"href":"https:\/\/www.europesays.com\/ee\/wp-json\/wp\/v2\/media?parent=115751"}],"wp:term":[{"taxonomy":"category","embeddable":true,"href":"https:\/\/www.europesays.com\/ee\/wp-json\/wp\/v2\/categories?post=115751"},{"taxonomy":"post_tag","embeddable":true,"href":"https:\/\/www.europesays.com\/ee\/wp-json\/wp\/v2\/tags?post=115751"}],"curies":[{"name":"wp","href":"https:\/\/api.w.org\/{rel}","templated":true}]}}