{"id":115753,"date":"2026-02-25T16:04:06","date_gmt":"2026-02-25T16:04:06","guid":{"rendered":"https:\/\/www.europesays.com\/ee\/115753\/"},"modified":"2026-02-25T16:04:06","modified_gmt":"2026-02-25T16:04:06","slug":"paavst-plaanib-margilisi-visiite-aafrikas-ja-euroopas","status":"publish","type":"post","link":"https:\/\/www.europesays.com\/ee\/115753\/","title":{"rendered":"Paavst plaanib m\u00e4rgilisi visiite Aafrikas ja Euroopas"},"content":{"rendered":"<p>Paavst Leo XIV k\u00fclastab aprillis nelja Aafrika riiki, sealhulgas Al\u017eeeriat, mille puhul on tegu esimese korraga, kui katoliku kiriku pea reisib sellesse P\u00f5hja-Aafrika moslemiriiki, selgub Vatikani kolmap\u00e4evasest teatest.<\/p>\n<p>Mullu ametisse valitud USA p\u00e4ritolu paavstil on lisaks l\u00e4hikuudel ees veel mitu rahvusvahelist reisi ka Euroopasse, sealhulgas Hispaaniasse ja Monacosse.<\/p>\n","protected":false},"excerpt":{"rendered":"Paavst Leo XIV k\u00fclastab aprillis nelja Aafrika riiki, sealhulgas Al\u017eeeriat, mille puhul on tegu esimese korraga, kui katoliku&hellip;\n","protected":false},"author":2,"featured_media":115754,"comment_status":"","ping_status":"","sticky":false,"template":"","format":"standard","meta":{"footnotes":"","_share_on_mastodon":"0"},"categories":[80],"tags":[10348,26,27,37,33,35,34,36,31,32,54316,21,110,1393,28,29,95,27845,7383,9988,19,3588,25,23,24,22,20,30,92,93,94],"class_list":["post-115753","post","type-post","status-publish","format-standard","has-post-thumbnail","category-maailm","tag-alzeeria","tag-breaking-news","tag-breakingnews","tag-ee","tag-eesti","tag-eesti-keel","tag-estonia","tag-estonian","tag-featured-news","tag-featurednews","tag-gaudi","tag-headlines","tag-hispaania","tag-katoliku-kirik","tag-latest-news","tag-latestnews","tag-maailm","tag-madridi","tag-migrandid","tag-monaco","tag-news","tag-paavst-leo","tag-populaarseimad-lood","tag-top-stories","tag-topstories","tag-uldised-uudised","tag-uudised","tag-viimased-uudised","tag-world","tag-world-news","tag-worldnews"],"share_on_mastodon":{"url":"https:\/\/pubeurope.com\/@ee\/116132122747605968","error":""},"_links":{"self":[{"href":"https:\/\/www.europesays.com\/ee\/wp-json\/wp\/v2\/posts\/115753","targetHints":{"allow":["GET"]}}],"collection":[{"href":"https:\/\/www.europesays.com\/ee\/wp-json\/wp\/v2\/posts"}],"about":[{"href":"https:\/\/www.europesays.com\/ee\/wp-json\/wp\/v2\/types\/post"}],"author":[{"embeddable":true,"href":"https:\/\/www.europesays.com\/ee\/wp-json\/wp\/v2\/users\/2"}],"replies":[{"embeddable":true,"href":"https:\/\/www.europesays.com\/ee\/wp-json\/wp\/v2\/comments?post=115753"}],"version-history":[{"count":0,"href":"https:\/\/www.europesays.com\/ee\/wp-json\/wp\/v2\/posts\/115753\/revisions"}],"wp:featuredmedia":[{"embeddable":true,"href":"https:\/\/www.europesays.com\/ee\/wp-json\/wp\/v2\/media\/115754"}],"wp:attachment":[{"href":"https:\/\/www.europesays.com\/ee\/wp-json\/wp\/v2\/media?parent=115753"}],"wp:term":[{"taxonomy":"category","embeddable":true,"href":"https:\/\/www.europesays.com\/ee\/wp-json\/wp\/v2\/categories?post=115753"},{"taxonomy":"post_tag","embeddable":true,"href":"https:\/\/www.europesays.com\/ee\/wp-json\/wp\/v2\/tags?post=115753"}],"curies":[{"name":"wp","href":"https:\/\/api.w.org\/{rel}","templated":true}]}}