{"id":115891,"date":"2026-02-25T19:45:26","date_gmt":"2026-02-25T19:45:26","guid":{"rendered":"https:\/\/www.europesays.com\/ee\/115891\/"},"modified":"2026-02-25T19:45:26","modified_gmt":"2026-02-25T19:45:26","slug":"kolmapaeval-koigub-ohutemperatuur-17-ja-2-miinuskraadi-vahel-virumaa-teataja","status":"publish","type":"post","link":"https:\/\/www.europesays.com\/ee\/115891\/","title":{"rendered":"Kolmap\u00e4eval k\u00f5igub \u00f5hutemperatuur 17 ja 2 miinuskraadi vahel &#8211; Virumaa Teataja"},"content":{"rendered":"<ol>\n<li><a href=\"https:\/\/news.google.com\/rss\/articles\/CBMipwFBVV95cUxQVUx6Q3NENURiOFNiYWdGYW1HSFJOZUdyZXI0dzBfRnJXLWJOeTlzaXZkZGxnYUJERTFLMllrTncxbFhzc2JHYkJ6VWkxOXhQSENqQ1FiRFFRZzFudm1mNFRvVTV2Y1pJRng0M3lneHB6aC01UThRTjVrZFdJamNNcmV0YzlYYjNmckdHYzgxOU0yRU5pN0tHaW8yanFoS1ZYOEtSd05OMA?oc=5\" target=\"_blank\" rel=\"nofollow noopener\">Kolmap\u00e4eval k\u00f5igub \u00f5hutemperatuur 17 ja 2 miinuskraadi vahel<\/a>&nbsp;&nbsp;Virumaa Teataja<\/li>\n<li><a href=\"https:\/\/news.google.com\/rss\/articles\/CBMikAFBVV95cUxQS2UtVFg1dXM1cUdrLUcxUnRsUUg4RzluaFBTODFTdHRXNkxjZFVubzRSLUl1YjN5RGhzaFNoTEdpYjNvTFBOMXpVaVRlZ0ZjRVJ1NVV5amphdVVmcVVDZWFsZXBDWVhNYUJqUVl1T212QmVPamVDNDFQS2JKc01XRUtQY1lSa2ZTMnFOelN5WXU?oc=5\" target=\"_blank\" rel=\"nofollow noopener\">KEVAD TIKUB LIGI \u27e9 Eesootav n\u00e4dal toob plusskraadid<\/a>&nbsp;&nbsp;Ilmajaam<\/li>\n<li><a href=\"https:\/\/news.google.com\/rss\/articles\/CBMiY0FVX3lxTE1FMmFGNzJibVc3LVd2ZlhZZnZwZThhdGJmcGl1RVBvb2ZPTU9QdnVfWmZEVldNMlhOcXhKeE4xdmo1NDVQeVlaclpmM3ZmX3RnUmJvckJFZTYtMTF2czRYVjdiOA?oc=5\" target=\"_blank\" rel=\"nofollow noopener\">AHTO ILMAJUTUD | Talv p\u00fcsib visalt<\/a>&nbsp;&nbsp;Hiiu Leht<\/li>\n<li><a href=\"https:\/\/news.google.com\/rss\/articles\/CBMilgFBVV95cUxNcXBiSmtHSUNnZ0NNYURSYlJIVGVFSTIxZTk5N3dhNTV5TUtjUEdZcVRGWXRneExycTQxNzNQWEZwSGRHSWtseTVfTWs1aHJadFFqNU1vMDM4S24wTzA3NC1UWDU3V2o0ZW5sZFZQRDVWMWRFamtyN08yYWJqdl9YVFU3S28tSmRDcExQOUxWVlpiVHh4RWc?oc=5\" target=\"_blank\" rel=\"nofollow noopener\">Ilmaprognoos lubab lumelinnal m\u00f5neks ajaks p\u00fcsima j\u00e4\u00e4da<\/a>&nbsp;&nbsp;Postimees<\/li>\n<li><a href=\"https:\/\/news.google.com\/rss\/articles\/CBMijAFBVV95cUxPRUtjY3ZnbWN3aVR0YkJDY2N4alR4bzJ4LXJlRTAtdE5yemZrMi0ySUJtcmR1T3ozdnl4VHZTV3FRTElDWWlSZTRmdkxnYlp1OUFTLVBzbDBPY0xtV3lTaHl2aUhYd193S3d5TEd6X3d6dm43VF9ZRTdodHZEcEdzb2dvZ0xUMzBjZldjQQ?oc=5\" target=\"_blank\" rel=\"nofollow noopener\">L\u00e4hip\u00e4evil veel k\u00e4redast pakasest lahti ei saa<\/a>&nbsp;&nbsp;Ilmajaam<\/li>\n<\/ol>\n","protected":false},"excerpt":{"rendered":"Kolmap\u00e4eval k\u00f5igub \u00f5hutemperatuur 17 ja 2 miinuskraadi vahel&nbsp;&nbsp;Virumaa Teataja KEVAD TIKUB LIGI \u27e9 Eesootav n\u00e4dal toob plusskraadid&nbsp;&nbsp;Ilmajaam AHTO&hellip;\n","protected":false},"author":2,"featured_media":115892,"comment_status":"","ping_status":"","sticky":false,"template":"","format":"standard","meta":{"footnotes":"","_share_on_mastodon":"0"},"categories":[12],"tags":[26,27,37,33,35,34,36,31,32,21,6997,22010,28,29,8382,19,21473,25,23,24,8798,22,20,30],"class_list":["post-115891","post","type-post","status-publish","format-standard","has-post-thumbnail","category-eesti","tag-breaking-news","tag-breakingnews","tag-ee","tag-eesti","tag-eesti-keel","tag-estonia","tag-estonian","tag-featured-news","tag-featurednews","tag-headlines","tag-keskkonnaagentuur","tag-kulm","tag-latest-news","tag-latestnews","tag-lumetorm","tag-news","tag-ohutemperatuur","tag-populaarseimad-lood","tag-top-stories","tag-topstories","tag-tuul","tag-uldised-uudised","tag-uudised","tag-viimased-uudised"],"share_on_mastodon":{"url":"https:\/\/pubeurope.com\/@ee\/116132991637448421","error":""},"_links":{"self":[{"href":"https:\/\/www.europesays.com\/ee\/wp-json\/wp\/v2\/posts\/115891","targetHints":{"allow":["GET"]}}],"collection":[{"href":"https:\/\/www.europesays.com\/ee\/wp-json\/wp\/v2\/posts"}],"about":[{"href":"https:\/\/www.europesays.com\/ee\/wp-json\/wp\/v2\/types\/post"}],"author":[{"embeddable":true,"href":"https:\/\/www.europesays.com\/ee\/wp-json\/wp\/v2\/users\/2"}],"replies":[{"embeddable":true,"href":"https:\/\/www.europesays.com\/ee\/wp-json\/wp\/v2\/comments?post=115891"}],"version-history":[{"count":0,"href":"https:\/\/www.europesays.com\/ee\/wp-json\/wp\/v2\/posts\/115891\/revisions"}],"wp:featuredmedia":[{"embeddable":true,"href":"https:\/\/www.europesays.com\/ee\/wp-json\/wp\/v2\/media\/115892"}],"wp:attachment":[{"href":"https:\/\/www.europesays.com\/ee\/wp-json\/wp\/v2\/media?parent=115891"}],"wp:term":[{"taxonomy":"category","embeddable":true,"href":"https:\/\/www.europesays.com\/ee\/wp-json\/wp\/v2\/categories?post=115891"},{"taxonomy":"post_tag","embeddable":true,"href":"https:\/\/www.europesays.com\/ee\/wp-json\/wp\/v2\/tags?post=115891"}],"curies":[{"name":"wp","href":"https:\/\/api.w.org\/{rel}","templated":true}]}}