{"id":115967,"date":"2026-02-25T22:30:07","date_gmt":"2026-02-25T22:30:07","guid":{"rendered":"https:\/\/www.europesays.com\/ee\/115967\/"},"modified":"2026-02-25T22:30:07","modified_gmt":"2026-02-25T22:30:07","slug":"juhtkiri-%e2%9f%a9-pohjala-on-kaalukas-joud","status":"publish","type":"post","link":"https:\/\/www.europesays.com\/ee\/115967\/","title":{"rendered":"JUHTKIRI \u27e9 P\u00f5hjala on kaalukas j\u00f5ud"},"content":{"rendered":"<p>Sellises olukorras muutub \u00fcha olulisemaks regionaalne koost\u00f6\u00f6, millest samuti k\u00f5neles suursaadik Margus Laidre Postimehe arvamusliidrite l\u00f5unas\u00f6\u00f6gil, r\u00f5hutades Uue P\u00f5hjala piirkondlikku liitu (P\u00f5hjamaad + Baltimaad + Saksamaa ja Poola).<\/p>\n<p>Paneme selle koost\u00f6\u00f6 m\u00f5\u00f5tkavasse. Uue P\u00f5hjala summaarne rahvaarv oleks 154,9 miljonit inimest ning SKT 7,5 triljonit dollarit. Venemaa vastavad arvud on 143,5 miljonit inimest ja 2,54 triljonit dollarit. Seega \u00fcletaks Uue P\u00f5hjala majandus Venemaa majandust kolm korda ning regioon j\u00e4\u00e4ks alla \u00fcksnes territooriumilt ja tuumarelvade arvu poolest, mida v\u00f5imalikku \u00fchendusse kuuluvatel riikidel praegu ei ole.<\/p>\n<p>J\u00e4ttes isegi k\u00f5rvale Saksamaa ja Poola, on P\u00f5hjamaade ja Baltimaade kaheksa riigi (NB8 ehk Nordic-Baltic Eight) summaarne majandus Venemaa omaga v\u00f5rdne. Tegemist on arvestatava j\u00f5uga, kus puuduvad poliitilised erimeelsused ning mis hindab geopoliitilist olukorda kainelt, \u00fcsna sarnases v\u00f5tmes.<\/p>\n<blockquote class=\"quote ck-widget\" contenteditable=\"false\">\n<p>P\u00f5hjamaad ja Baltimaad on \u00fcheskoos majandusn\u00e4itajaid arvestades Venemaa k\u00f5rval kaalukas j\u00f5ud, kes lisaks toetusavaldustele suudab k\u00f5nelda julgeolekupoliitiliste tegude keeles.<\/p>\n<\/blockquote>\n<p>See ei ole pelgalt teooria, sest NB8 formaat toimib praktikas juba pikemat aega v\u00e4ga h\u00e4sti. 24.\u201325. veebruaril k\u00fclastasid grupi liidrid Ukraina pealinna Kiievit, demonstreerides ukrainlaste j\u00e4tkuvat toetamist. NB8 on sealjuures eelnevaid majandusn\u00e4itajaid arvestades Venemaa k\u00f5rval kaalukas j\u00f5ud, kes lisaks toetusavaldustele suudab k\u00f5nelda julgeolekupoliitiliste tegude keeles, mida Venemaa h\u00e4sti m\u00f5istab.<\/p>\n<p>\u00dchises avalduses Kiievis toetasid NB8 liidrid Ukraina territoriaalset terviklikkust ja tema liitumist tulevikus ELi ja NATOga ning r\u00f5hutati, et s\u00f5da l\u00f5petav rahuleping peab tuginema rahvusvahelisele \u00f5igusele. Lisaks lubasid grupi riigid Ukrainat k\u00e4esoleval aastal toetada 12,5 miljardi euroga s\u00f5jaliselt ning anda 918 miljonit eurot energiavarustuse taastamiseks.<\/p>\n","protected":false},"excerpt":{"rendered":"Sellises olukorras muutub \u00fcha olulisemaks regionaalne koost\u00f6\u00f6, millest samuti k\u00f5neles suursaadik Margus Laidre Postimehe arvamusliidrite l\u00f5unas\u00f6\u00f6gil, r\u00f5hutades Uue&hellip;\n","protected":false},"author":2,"featured_media":115968,"comment_status":"","ping_status":"","sticky":false,"template":"","format":"standard","meta":{"footnotes":"","_share_on_mastodon":"0"},"categories":[80],"tags":[5900,26,27,37,33,35,34,36,31,32,21,1208,28,29,95,29386,31644,19,5818,111,25,24170,1039,51,23,24,262,22,20,30,92,93,94],"class_list":["post-115967","post","type-post","status-publish","format-standard","has-post-thumbnail","category-maailm","tag-baltimaad","tag-breaking-news","tag-breakingnews","tag-ee","tag-eesti","tag-eesti-keel","tag-estonia","tag-estonian","tag-featured-news","tag-featurednews","tag-headlines","tag-kiiev","tag-latest-news","tag-latestnews","tag-maailm","tag-margus-laidre","tag-nb8","tag-news","tag-pohjamaad","tag-poola","tag-populaarseimad-lood","tag-rahuleping","tag-rahvusvaheline-oigus","tag-saksamaa","tag-top-stories","tag-topstories","tag-ukraina","tag-uldised-uudised","tag-uudised","tag-viimased-uudised","tag-world","tag-world-news","tag-worldnews"],"share_on_mastodon":{"url":"https:\/\/pubeurope.com\/@ee\/116133640427423090","error":""},"_links":{"self":[{"href":"https:\/\/www.europesays.com\/ee\/wp-json\/wp\/v2\/posts\/115967","targetHints":{"allow":["GET"]}}],"collection":[{"href":"https:\/\/www.europesays.com\/ee\/wp-json\/wp\/v2\/posts"}],"about":[{"href":"https:\/\/www.europesays.com\/ee\/wp-json\/wp\/v2\/types\/post"}],"author":[{"embeddable":true,"href":"https:\/\/www.europesays.com\/ee\/wp-json\/wp\/v2\/users\/2"}],"replies":[{"embeddable":true,"href":"https:\/\/www.europesays.com\/ee\/wp-json\/wp\/v2\/comments?post=115967"}],"version-history":[{"count":0,"href":"https:\/\/www.europesays.com\/ee\/wp-json\/wp\/v2\/posts\/115967\/revisions"}],"wp:featuredmedia":[{"embeddable":true,"href":"https:\/\/www.europesays.com\/ee\/wp-json\/wp\/v2\/media\/115968"}],"wp:attachment":[{"href":"https:\/\/www.europesays.com\/ee\/wp-json\/wp\/v2\/media?parent=115967"}],"wp:term":[{"taxonomy":"category","embeddable":true,"href":"https:\/\/www.europesays.com\/ee\/wp-json\/wp\/v2\/categories?post=115967"},{"taxonomy":"post_tag","embeddable":true,"href":"https:\/\/www.europesays.com\/ee\/wp-json\/wp\/v2\/tags?post=115967"}],"curies":[{"name":"wp","href":"https:\/\/api.w.org\/{rel}","templated":true}]}}