{"id":116003,"date":"2026-02-26T00:07:12","date_gmt":"2026-02-26T00:07:12","guid":{"rendered":"https:\/\/www.europesays.com\/ee\/116003\/"},"modified":"2026-02-26T00:07:12","modified_gmt":"2026-02-26T00:07:12","slug":"ragnar-klavan-teeb-kaasa-liverpooli-legendide-mangus","status":"publish","type":"post","link":"https:\/\/www.europesays.com\/ee\/116003\/","title":{"rendered":"Ragnar Klavan teeb kaasa Liverpooli legendide m\u00e4ngus"},"content":{"rendered":"<p>Ragnar Klavan teeb Liverpooli legendide meeskonnas kaasa 28. m\u00e4rtsil Anfieldi jalgpallistaadionil peetaval heategevuslikus m\u00e4ngus Saksamaa klubi Borussia Dortmundi legendide vastu.<\/p>\n<p>Klavan osaleb m\u00e4ngus kaitsja positsioonil. Lisaks eestlasele on kaitsjatena meeskonda arvatud Sami Hyypia, Martin Skrtel, Martin Kelly, Fabio Aurelio ja Gregory Vignal.<\/p>\n","protected":false},"excerpt":{"rendered":"Ragnar Klavan teeb Liverpooli legendide meeskonnas kaasa 28. m\u00e4rtsil Anfieldi jalgpallistaadionil peetaval heategevuslikus m\u00e4ngus Saksamaa klubi Borussia Dortmundi&hellip;\n","protected":false},"author":2,"featured_media":116004,"comment_status":"","ping_status":"","sticky":false,"template":"","format":"standard","meta":{"footnotes":"","_share_on_mastodon":"0"},"categories":[18],"tags":[37,33,35,34,36,54428,2891,13404,54426,10635,54427,807,159,158],"class_list":["post-116003","post","type-post","status-publish","format-standard","has-post-thumbnail","category-sport","tag-ee","tag-eesti","tag-eesti-keel","tag-estonia","tag-estonian","tag-forever-reds","tag-heategevus","tag-jurgen-klopp","tag-kenny-dalglish","tag-klavan","tag-lfc-fond","tag-liverpool","tag-sport","tag-sports"],"share_on_mastodon":{"url":"https:\/\/pubeurope.com\/@ee\/116134021860332100","error":""},"_links":{"self":[{"href":"https:\/\/www.europesays.com\/ee\/wp-json\/wp\/v2\/posts\/116003","targetHints":{"allow":["GET"]}}],"collection":[{"href":"https:\/\/www.europesays.com\/ee\/wp-json\/wp\/v2\/posts"}],"about":[{"href":"https:\/\/www.europesays.com\/ee\/wp-json\/wp\/v2\/types\/post"}],"author":[{"embeddable":true,"href":"https:\/\/www.europesays.com\/ee\/wp-json\/wp\/v2\/users\/2"}],"replies":[{"embeddable":true,"href":"https:\/\/www.europesays.com\/ee\/wp-json\/wp\/v2\/comments?post=116003"}],"version-history":[{"count":0,"href":"https:\/\/www.europesays.com\/ee\/wp-json\/wp\/v2\/posts\/116003\/revisions"}],"wp:featuredmedia":[{"embeddable":true,"href":"https:\/\/www.europesays.com\/ee\/wp-json\/wp\/v2\/media\/116004"}],"wp:attachment":[{"href":"https:\/\/www.europesays.com\/ee\/wp-json\/wp\/v2\/media?parent=116003"}],"wp:term":[{"taxonomy":"category","embeddable":true,"href":"https:\/\/www.europesays.com\/ee\/wp-json\/wp\/v2\/categories?post=116003"},{"taxonomy":"post_tag","embeddable":true,"href":"https:\/\/www.europesays.com\/ee\/wp-json\/wp\/v2\/tags?post=116003"}],"curies":[{"name":"wp","href":"https:\/\/api.w.org\/{rel}","templated":true}]}}