{"id":116100,"date":"2026-02-26T06:22:12","date_gmt":"2026-02-26T06:22:12","guid":{"rendered":"https:\/\/www.europesays.com\/ee\/116100\/"},"modified":"2026-02-26T06:22:12","modified_gmt":"2026-02-26T06:22:12","slug":"tesla-cybertruckid-paisatakse-suure-allahindlusega-muuki-keegi-ei-osta","status":"publish","type":"post","link":"https:\/\/www.europesays.com\/ee\/116100\/","title":{"rendered":"Tesla Cybertruckid paisatakse suure allahindlusega m\u00fc\u00fcki: keegi ei osta"},"content":{"rendered":"<p>Tesla nurgeline ja v\u00e4rvimata auto, mis pidi autot\u00f6\u00f6stuse pea peale p\u00f6\u00f6rama, on sattunud ootamatu tormi k\u00e4tte. Turuloogika karmid tuuled sunnivad elektriautode giganti oma ambitsioone koomale t\u00f5mbama ja hinda langetama.<\/p>\n<p>Eelmise n\u00e4dala l\u00f5pus otsustas Tesla t\u00f5mmata pidurit oma seni k\u00f5ige julgema mudeli hinnarallile. Ettev\u00f5te tegi <a class=\"ng-star-inserted\" target=\"_blank\" rel=\"noopener noreferrer nofollow\" href=\"https:\/\/www.tesla.com\/cybertruck\">Cybertrucki hinnakirjas<\/a> suuri korrektsioone, lootuses veidigi elavdada jahtunud huvi.<\/p>\n","protected":false},"excerpt":{"rendered":"Tesla nurgeline ja v\u00e4rvimata auto, mis pidi autot\u00f6\u00f6stuse pea peale p\u00f6\u00f6rama, on sattunud ootamatu tormi k\u00e4tte. Turuloogika karmid&hellip;\n","protected":false},"author":2,"featured_media":116101,"comment_status":"","ping_status":"","sticky":false,"template":"","format":"standard","meta":{"footnotes":"","_share_on_mastodon":"0"},"categories":[14],"tags":[131,130,46493,37,33,35,635,846,34,36,2879,54454,2226],"class_list":["post-116100","post","type-post","status-publish","format-standard","has-post-thumbnail","category-ari","tag-ari","tag-business","tag-cybertruck","tag-ee","tag-eesti","tag-eesti-keel","tag-elektriauto","tag-elon-musk","tag-estonia","tag-estonian","tag-hind","tag-supercharger","tag-tesla"],"share_on_mastodon":{"url":"https:\/\/pubeurope.com\/@ee\/116135496453071376","error":""},"_links":{"self":[{"href":"https:\/\/www.europesays.com\/ee\/wp-json\/wp\/v2\/posts\/116100","targetHints":{"allow":["GET"]}}],"collection":[{"href":"https:\/\/www.europesays.com\/ee\/wp-json\/wp\/v2\/posts"}],"about":[{"href":"https:\/\/www.europesays.com\/ee\/wp-json\/wp\/v2\/types\/post"}],"author":[{"embeddable":true,"href":"https:\/\/www.europesays.com\/ee\/wp-json\/wp\/v2\/users\/2"}],"replies":[{"embeddable":true,"href":"https:\/\/www.europesays.com\/ee\/wp-json\/wp\/v2\/comments?post=116100"}],"version-history":[{"count":0,"href":"https:\/\/www.europesays.com\/ee\/wp-json\/wp\/v2\/posts\/116100\/revisions"}],"wp:featuredmedia":[{"embeddable":true,"href":"https:\/\/www.europesays.com\/ee\/wp-json\/wp\/v2\/media\/116101"}],"wp:attachment":[{"href":"https:\/\/www.europesays.com\/ee\/wp-json\/wp\/v2\/media?parent=116100"}],"wp:term":[{"taxonomy":"category","embeddable":true,"href":"https:\/\/www.europesays.com\/ee\/wp-json\/wp\/v2\/categories?post=116100"},{"taxonomy":"post_tag","embeddable":true,"href":"https:\/\/www.europesays.com\/ee\/wp-json\/wp\/v2\/tags?post=116100"}],"curies":[{"name":"wp","href":"https:\/\/api.w.org\/{rel}","templated":true}]}}