{"id":116220,"date":"2026-02-26T08:59:12","date_gmt":"2026-02-26T08:59:12","guid":{"rendered":"https:\/\/www.europesays.com\/ee\/116220\/"},"modified":"2026-02-26T08:59:12","modified_gmt":"2026-02-26T08:59:12","slug":"kuuba-vagede-ja-usa-registris-olnud-laeva-tulevahetuses-sai-surma-neli-inimest-valismaa","status":"publish","type":"post","link":"https:\/\/www.europesays.com\/ee\/116220\/","title":{"rendered":"Kuuba v\u00e4gede ja USA registris olnud laeva tulevahetuses sai surma neli inimest | V\u00e4lismaa"},"content":{"rendered":"<p>Kuuba piirivalve lasi kolmap\u00e4eval Kuuba ranniku l\u00e4hedal toimunud tulevahetuses maha neli ja haavas kuut inimest, kes viibisid \u00dchendriikides registreeritud kiirpaadis, teatas kohalik siseministeerium. USA asepresident JD Vance \u00fctles, et Valge Maja j\u00e4lgib olukorda t\u00e4helepanelikult.<\/p>\n<p>Ministeeriumi v\u00e4itel avati Floridas registreeritud paadist tuli, kui piirivalvealus sellele reisijate tuvastamiseks l\u00e4henes. Tulistamises sai haavata Kuuba aluse kapten.<\/p>\n<p>&#8220;Relvakokkup\u00f5rke tagaj\u00e4rjel hukkus v\u00e4lismaise poole pealt neli r\u00fcndajat ja kuus sai haavata,&#8221; teatas ministeerium.<\/p>\n<p>USA asepresident JD Vance \u00fctles, et Valge Maja j\u00e4lgib olukorda t\u00e4helepanelikult.<\/p>\n<p>&#8220;See on kindlasti olukord, mida me j\u00e4lgime. Loodetavasti pole asi nii hull, kui kardame. Kuid ma ei saa rohkem \u00f6elda, sest ma lihtsalt ei tea rohkem,&#8221; s\u00f5nas Vance ajakirjanikele.<\/p>\n<p>Vance lisas, et Kariibi \u00dchenduse tippkohtumisel viibiv v\u00e4lisminister Marco Rubio oli talle varem \u00fclevaate andnud.<\/p>\n<p>&#8220;Kuid me lihtsalt ei tea veel eriti palju \u00fcksikasju,&#8221; t\u00f5des asepresident.<\/p>\n<p>USA Florida osariigi peaprokur\u00f6r oli enne seda teatanud, et kohalikud v\u00f5imud alustavad seoses vahejuhtumiga uurimist.<\/p>\n<p>&#8220;Olen andnud osariiklikule prokuratuurile korralduse teha koost\u00f6\u00f6d meie f\u00f6deraal-, osariigi- ja korrakaitsepartneritega uurimise alustamiseks,&#8221; \u00fctles peaprokur\u00f6r James Uthmeier sotsiaalmeediapostituses.<\/p>\n<p>Kuuba v\u00f5imude v\u00e4itel oli paat ebaseaduslik ning sealt avati tuli esimesena nende pihta.<\/p>\n<p>&#8220;Kuuba valitsust ei saa usaldada ja me teeme k\u00f5ik endast oleneva, et need kommunistid vastutusele v\u00f5tta,&#8221; lubas Uthmeier.<\/p>\n","protected":false},"excerpt":{"rendered":"Kuuba piirivalve lasi kolmap\u00e4eval Kuuba ranniku l\u00e4hedal toimunud tulevahetuses maha neli ja haavas kuut inimest, kes viibisid \u00dchendriikides&hellip;\n","protected":false},"author":2,"featured_media":116221,"comment_status":"","ping_status":"","sticky":false,"template":"","format":"standard","meta":{"footnotes":"","_share_on_mastodon":"0"},"categories":[5],"tags":[26,27,37,33,35,34,36,31,32,13212,21,4652,3345,28,29,1894,19,25,23,24,22,325,20,30],"class_list":["post-116220","post","type-post","status-publish","format-standard","has-post-thumbnail","category-uldised-uudised","tag-breaking-news","tag-breakingnews","tag-ee","tag-eesti","tag-eesti-keel","tag-estonia","tag-estonian","tag-featured-news","tag-featurednews","tag-florida","tag-headlines","tag-jd-vance","tag-kuuba","tag-latest-news","tag-latestnews","tag-marco-rubio","tag-news","tag-populaarseimad-lood","tag-top-stories","tag-topstories","tag-uldised-uudised","tag-usa","tag-uudised","tag-viimased-uudised"],"share_on_mastodon":{"url":"https:\/\/pubeurope.com\/@ee\/116136113789055803","error":""},"_links":{"self":[{"href":"https:\/\/www.europesays.com\/ee\/wp-json\/wp\/v2\/posts\/116220","targetHints":{"allow":["GET"]}}],"collection":[{"href":"https:\/\/www.europesays.com\/ee\/wp-json\/wp\/v2\/posts"}],"about":[{"href":"https:\/\/www.europesays.com\/ee\/wp-json\/wp\/v2\/types\/post"}],"author":[{"embeddable":true,"href":"https:\/\/www.europesays.com\/ee\/wp-json\/wp\/v2\/users\/2"}],"replies":[{"embeddable":true,"href":"https:\/\/www.europesays.com\/ee\/wp-json\/wp\/v2\/comments?post=116220"}],"version-history":[{"count":0,"href":"https:\/\/www.europesays.com\/ee\/wp-json\/wp\/v2\/posts\/116220\/revisions"}],"wp:featuredmedia":[{"embeddable":true,"href":"https:\/\/www.europesays.com\/ee\/wp-json\/wp\/v2\/media\/116221"}],"wp:attachment":[{"href":"https:\/\/www.europesays.com\/ee\/wp-json\/wp\/v2\/media?parent=116220"}],"wp:term":[{"taxonomy":"category","embeddable":true,"href":"https:\/\/www.europesays.com\/ee\/wp-json\/wp\/v2\/categories?post=116220"},{"taxonomy":"post_tag","embeddable":true,"href":"https:\/\/www.europesays.com\/ee\/wp-json\/wp\/v2\/tags?post=116220"}],"curies":[{"name":"wp","href":"https:\/\/api.w.org\/{rel}","templated":true}]}}